{"id":1272,"date":"2018-04-02T12:43:09","date_gmt":"2018-04-02T10:43:09","guid":{"rendered":"https:\/\/mumm-mg.de\/flummi\/?p=1272"},"modified":"2019-05-04T12:56:21","modified_gmt":"2019-05-04T10:56:21","slug":"wald-feld-und-wiese","status":"publish","type":"post","link":"https:\/\/mumm-mg.de\/flummi\/2018\/04\/02\/wald-feld-und-wiese\/","title":{"rendered":"Wald &#8211; Feld und Wiese"},"content":{"rendered":"<p>Eine Herausforderung f\u00fcr alle Sinne:<\/p>\n<ul>\n<li>die Kinder entscheiden sich, ob sie mit in den Wald gehen wollen<\/li>\n<li>wir \u00fcberlegen \u2013 besprechen gemeinsam unser Ziel<\/li>\n<li>der Weg in den Wald (Stra\u00dfe \u2013 Ampel \u2013 Zebrastreifen) fordert viel Aufmerksamkeit und Verantwortung<\/li>\n<li>Am Bach \u2013 auf der Wiese oder im Wald k\u00f6nnen vielf\u00e4ltige Beobachtungen, Experimente und Bewegungserfahrungen gemacht werden<\/li>\n<li>bei Sonne, Wind und Regen immer ein anderer Spa\u00df<\/li>\n<li>ein Vergn\u00fcgen f\u00fcr die kleinen und gro\u00dfen Waldl\u00e4ufer &#x1f642;<\/li>\n<\/ul>\n<p><a href=\"https:\/\/mumm-mg.de\/flummi\/wp-content\/uploads\/sites\/3\/2018\/02\/Waldtage_2-1.pdf\" target=\"_blank\" rel=\"noopener noreferrer\">Hier<\/a>\u00a0k\u00f6nnen Sie einen Eindruck von unseren Waldtagen bekommen.<\/p>\n","protected":false},"excerpt":{"rendered":"<p>Eine Herausforderung f\u00fcr alle Sinne: die Kinder entscheiden sich, ob sie mit in den Wald gehen wollen wir \u00fcberlegen \u2013 besprechen gemeinsam unser Ziel der Weg in den Wald (Stra\u00dfe \u2013 Ampel \u2013 Zebrastreifen) fordert viel Aufmerksamkeit und Verantwortung Am Bach \u2013 auf der Wiese oder im Wald k\u00f6nnen vielf\u00e4ltige Beobachtungen, Experimente und Bewegungserfahrungen gemacht [&hellip;]<\/p>\n","protected":false},"author":11,"featured_media":0,"comment_status":"closed","ping_status":"closed","sticky":false,"template":"","format":"standard","meta":{"_et_pb_use_builder":"","_et_pb_old_content":"","_et_gb_content_width":"","footnotes":""},"categories":[14,1],"tags":[],"_links":{"self":[{"href":"https:\/\/mumm-mg.de\/flummi\/wp-json\/wp\/v2\/posts\/1272"}],"collection":[{"href":"https:\/\/mumm-mg.de\/flummi\/wp-json\/wp\/v2\/posts"}],"about":[{"href":"https:\/\/mumm-mg.de\/flummi\/wp-json\/wp\/v2\/types\/post"}],"author":[{"embeddable":true,"href":"https:\/\/mumm-mg.de\/flummi\/wp-json\/wp\/v2\/users\/11"}],"replies":[{"embeddable":true,"href":"https:\/\/mumm-mg.de\/flummi\/wp-json\/wp\/v2\/comments?post=1272"}],"version-history":[{"count":1,"href":"https:\/\/mumm-mg.de\/flummi\/wp-json\/wp\/v2\/posts\/1272\/revisions"}],"predecessor-version":[{"id":1273,"href":"https:\/\/mumm-mg.de\/flummi\/wp-json\/wp\/v2\/posts\/1272\/revisions\/1273"}],"wp:attachment":[{"href":"https:\/\/mumm-mg.de\/flummi\/wp-json\/wp\/v2\/media?parent=1272"}],"wp:term":[{"taxonomy":"category","embeddable":true,"href":"https:\/\/mumm-mg.de\/flummi\/wp-json\/wp\/v2\/categories?post=1272"},{"taxonomy":"post_tag","embeddable":true,"href":"https:\/\/mumm-mg.de\/flummi\/wp-json\/wp\/v2\/tags?post=1272"}],"curies":[{"name":"wp","href":"https:\/\/api.w.org\/{rel}","templated":true}]}}