{"id":2352,"date":"2022-02-24T16:00:02","date_gmt":"2022-02-24T15:00:02","guid":{"rendered":"https:\/\/mumm-mg.de\/maximumm\/?p=2352"},"modified":"2022-03-04T14:08:59","modified_gmt":"2022-03-04T13:08:59","slug":"karneval-2022","status":"publish","type":"post","link":"https:\/\/mumm-mg.de\/maximumm\/2022\/02\/24\/karneval-2022\/","title":{"rendered":"Karneval 2022"},"content":{"rendered":"<p>Als Abschluss unseres Projekt &#8211; Themas &#8222;M\u00e4rchen&#8220; fand unsere Karnevalsfeier statt.<\/p>\n<p>Passend zum Thema kamen die Kinder verkleidet als Prinz und Prinzessin, gestiefelter Kater und Dornr\u00f6schen, aber auch Spiderman, Polizist, K\u00f6nigin Elsa, L\u00f6we und viele weitere Charaktere waren vertreten.<\/p>\n<p>Dank den gro\u00dfz\u00fcgigen Spenden der Eltern durften einige Kinder gemeinsam mit den Erziehern am Vormittag ein gro\u00dfz\u00fcgiges Buffet in der Halle anrichten, wo f\u00fcr jedes Kind was passendes dabei war. Zum Mittagessen freuten sich die Kinder dann \u00fcber leckere Pizza.<\/p>\n<p>Bei Musik, Spiel und ganz viel Spa\u00df verbrachten die Kinder ein ausgelassenes Karnevalsfest!<\/p>\n<p>In diesem Sinne: Kita MaxiMumm Helau!<\/p>\n<p>&nbsp;<\/p>\n<p>&nbsp;<\/p>\n<p>&nbsp;<\/p>\n<p>&nbsp;<\/p>\n<p>&nbsp;<\/p>\n<p>&nbsp;<\/p>\n<p>&nbsp;<\/p>\n<p>&nbsp;<\/p>\n<p>&nbsp;<\/p>\n<p>&nbsp;<\/p>\n<p>&nbsp;<\/p>\n<p>&nbsp;<\/p>\n<p>&nbsp;<\/p>\n<p>&nbsp;<\/p>\n<p>&nbsp;<\/p>\n<p>&nbsp;<\/p>\n<p>&nbsp;<\/p>\n<p>&nbsp;<\/p>\n<p>&nbsp;<\/p>\n<p>&nbsp;<\/p>\n<p>&nbsp;<\/p>\n<p>&nbsp;<\/p>\n<p>&nbsp;<\/p>\n<p>&nbsp;<\/p>\n<p>&nbsp;<\/p>\n<p>&nbsp;<\/p>\n<p>&nbsp;<\/p>\n<p>&nbsp;<\/p>\n<p>&nbsp;<\/p>\n<p>&nbsp;<\/p>\n<p>&nbsp;<\/p>\n<p>&nbsp;<\/p>\n<p>&nbsp;<\/p>\n","protected":false},"excerpt":{"rendered":"<p>Als Abschluss unseres Projekt &#8211; Themas &#8222;M\u00e4rchen&#8220; fand unsere Karnevalsfeier statt. Passend zum Thema kamen die Kinder verkleidet als Prinz und Prinzessin, gestiefelter Kater und Dornr\u00f6schen, aber auch Spiderman, Polizist, K\u00f6nigin Elsa, L\u00f6we und viele weitere Charaktere waren vertreten. Dank den gro\u00dfz\u00fcgigen Spenden der Eltern durften einige Kinder gemeinsam mit den Erziehern am Vormittag ein [&hellip;]<\/p>\n","protected":false},"author":16,"featured_media":0,"comment_status":"closed","ping_status":"closed","sticky":false,"template":"","format":"standard","meta":{"_et_pb_use_builder":"","_et_pb_old_content":"","_et_gb_content_width":"","footnotes":""},"categories":[1],"tags":[],"_links":{"self":[{"href":"https:\/\/mumm-mg.de\/maximumm\/wp-json\/wp\/v2\/posts\/2352"}],"collection":[{"href":"https:\/\/mumm-mg.de\/maximumm\/wp-json\/wp\/v2\/posts"}],"about":[{"href":"https:\/\/mumm-mg.de\/maximumm\/wp-json\/wp\/v2\/types\/post"}],"author":[{"embeddable":true,"href":"https:\/\/mumm-mg.de\/maximumm\/wp-json\/wp\/v2\/users\/16"}],"replies":[{"embeddable":true,"href":"https:\/\/mumm-mg.de\/maximumm\/wp-json\/wp\/v2\/comments?post=2352"}],"version-history":[{"count":1,"href":"https:\/\/mumm-mg.de\/maximumm\/wp-json\/wp\/v2\/posts\/2352\/revisions"}],"predecessor-version":[{"id":2353,"href":"https:\/\/mumm-mg.de\/maximumm\/wp-json\/wp\/v2\/posts\/2352\/revisions\/2353"}],"wp:attachment":[{"href":"https:\/\/mumm-mg.de\/maximumm\/wp-json\/wp\/v2\/media?parent=2352"}],"wp:term":[{"taxonomy":"category","embeddable":true,"href":"https:\/\/mumm-mg.de\/maximumm\/wp-json\/wp\/v2\/categories?post=2352"},{"taxonomy":"post_tag","embeddable":true,"href":"https:\/\/mumm-mg.de\/maximumm\/wp-json\/wp\/v2\/tags?post=2352"}],"curies":[{"name":"wp","href":"https:\/\/api.w.org\/{rel}","templated":true}]}}