{"id":2497,"date":"2020-08-20T14:52:44","date_gmt":"2020-08-20T12:52:44","guid":{"rendered":"https:\/\/mumm-mg.de\/mumm-kids\/?p=2497"},"modified":"2022-08-23T16:31:52","modified_gmt":"2022-08-23T14:31:52","slug":"unsere-neuen-kollegen-stellen-sich-vor","status":"publish","type":"post","link":"https:\/\/mumm-mg.de\/mumm-kids\/2020\/08\/20\/unsere-neuen-kollegen-stellen-sich-vor\/","title":{"rendered":"Unsere neuen Kollegen stellen sich vor"},"content":{"rendered":"<p>Liebe Eltern,<\/p>\n<p>wie Sie sicherlich schon unserer Teamseite auf unserer Homepage entnommen haben, hat sich unser MummKids Team stark vergr\u00f6\u00dfert!<\/p>\n<p>Hier wollen wir Ihnen unsere neuen Kollegen einmal genauer vorstellen:<\/p>\n<ul>\n<li>Stefanie Knaak, Auszubildende (PiA=Praxisintegrierte Ausbildung zum\/r Erzieher\/in)<\/li>\n<li>Samed Harputlu, Auszubildender (PiA=Praxisintegrierte Ausbildung zum\/r Erzieher\/in)<\/li>\n<li>Nilay T\u00fcpt\u00fck, Anerkennungsjahrpraktikantin (Erzieherin)<\/li>\n<li>Tom Franz, Alltagshelfer<\/li>\n<\/ul>\n<p>Wir freuen uns unsere neuen Kollegen im Team begr\u00fc\u00dfen zu d\u00fcrfen, auch wenn wir Samed Harputlu und Tom Franz bald auch wieder verabschieden m\u00fcssen. Samed Harputlu wechselt im November in die Einrichtung MummP\u00e4nz, welche neu erichtet wird. Tom Franz wird bis zum 31.12.2020 uns als Alltagshelfer eine gro\u00dfe Unterst\u00fctzung sein!<\/p>\n\n\t\t<style type=\"text\/css\">\n\t\t\t#gallery-1 {\n\t\t\t\tmargin: auto;\n\t\t\t}\n\t\t\t#gallery-1 .gallery-item {\n\t\t\t\tfloat: left;\n\t\t\t\tmargin-top: 10px;\n\t\t\t\ttext-align: center;\n\t\t\t\twidth: 25%;\n\t\t\t}\n\t\t\t#gallery-1 img {\n\t\t\t\tborder: 2px solid #cfcfcf;\n\t\t\t}\n\t\t\t#gallery-1 .gallery-caption {\n\t\t\t\tmargin-left: 0;\n\t\t\t}\n\t\t\t\/* see gallery_shortcode() in wp-includes\/media.php *\/\n\t\t<\/style>\n\t\t<div id='gallery-1' class='gallery galleryid-2497 gallery-columns-4 gallery-size-thumbnail'><dl class='gallery-item'>\n\t\t\t<dt class='gallery-icon portrait'>\n\t\t\t\t<a href='https:\/\/mumm-mg.de\/mumm-kids\/2020\/08\/20\/unsere-neuen-kollegen-stellen-sich-vor\/steffi-2\/'><img loading=\"lazy\" decoding=\"async\" width=\"150\" height=\"150\" src=\"https:\/\/mumm-mg.de\/mumm-kids\/wp-content\/uploads\/sites\/7\/2020\/08\/Steffi-1-150x150.jpeg\" class=\"attachment-thumbnail size-thumbnail\" alt=\"\" aria-describedby=\"gallery-1-2500\" \/><\/a>\n\t\t\t<\/dt>\n\t\t\t\t<dd class='wp-caption-text gallery-caption' id='gallery-1-2500'>\n\t\t\t\tStefanie Knaak\n\t\t\t\t<\/dd><\/dl><dl class='gallery-item'>\n\t\t\t<dt class='gallery-icon portrait'>\n\t\t\t\t<a href='https:\/\/mumm-mg.de\/mumm-kids\/2020\/08\/20\/unsere-neuen-kollegen-stellen-sich-vor\/samed-2\/'><img loading=\"lazy\" decoding=\"async\" width=\"150\" height=\"150\" src=\"https:\/\/mumm-mg.de\/mumm-kids\/wp-content\/uploads\/sites\/7\/2020\/08\/Samed-1-150x150.jpeg\" class=\"attachment-thumbnail size-thumbnail\" alt=\"\" aria-describedby=\"gallery-1-2499\" \/><\/a>\n\t\t\t<\/dt>\n\t\t\t\t<dd class='wp-caption-text gallery-caption' id='gallery-1-2499'>\n\t\t\t\tSamed Harputlu\n\t\t\t\t<\/dd><\/dl>\n\t\t\t<br style='clear: both' \/>\n\t\t<\/div>\n\n","protected":false},"excerpt":{"rendered":"<p>Liebe Eltern, wie Sie sicherlich schon unserer Teamseite auf unserer Homepage entnommen haben, hat sich unser MummKids Team stark vergr\u00f6\u00dfert! Hier wollen wir Ihnen unsere neuen Kollegen einmal genauer vorstellen: Stefanie Knaak, Auszubildende (PiA=Praxisintegrierte Ausbildung zum\/r Erzieher\/in) Samed Harputlu, Auszubildender (PiA=Praxisintegrierte Ausbildung zum\/r Erzieher\/in) Nilay T\u00fcpt\u00fck, Anerkennungsjahrpraktikantin (Erzieherin) Tom Franz, Alltagshelfer Wir freuen uns unsere [&hellip;]<\/p>\n","protected":false},"author":9,"featured_media":0,"comment_status":"closed","ping_status":"closed","sticky":false,"template":"","format":"standard","meta":{"_et_pb_use_builder":"","_et_pb_old_content":"","_et_gb_content_width":"","footnotes":""},"categories":[1],"tags":[],"_links":{"self":[{"href":"https:\/\/mumm-mg.de\/mumm-kids\/wp-json\/wp\/v2\/posts\/2497"}],"collection":[{"href":"https:\/\/mumm-mg.de\/mumm-kids\/wp-json\/wp\/v2\/posts"}],"about":[{"href":"https:\/\/mumm-mg.de\/mumm-kids\/wp-json\/wp\/v2\/types\/post"}],"author":[{"embeddable":true,"href":"https:\/\/mumm-mg.de\/mumm-kids\/wp-json\/wp\/v2\/users\/9"}],"replies":[{"embeddable":true,"href":"https:\/\/mumm-mg.de\/mumm-kids\/wp-json\/wp\/v2\/comments?post=2497"}],"version-history":[{"count":5,"href":"https:\/\/mumm-mg.de\/mumm-kids\/wp-json\/wp\/v2\/posts\/2497\/revisions"}],"predecessor-version":[{"id":2995,"href":"https:\/\/mumm-mg.de\/mumm-kids\/wp-json\/wp\/v2\/posts\/2497\/revisions\/2995"}],"wp:attachment":[{"href":"https:\/\/mumm-mg.de\/mumm-kids\/wp-json\/wp\/v2\/media?parent=2497"}],"wp:term":[{"taxonomy":"category","embeddable":true,"href":"https:\/\/mumm-mg.de\/mumm-kids\/wp-json\/wp\/v2\/categories?post=2497"},{"taxonomy":"post_tag","embeddable":true,"href":"https:\/\/mumm-mg.de\/mumm-kids\/wp-json\/wp\/v2\/tags?post=2497"}],"curies":[{"name":"wp","href":"https:\/\/api.w.org\/{rel}","templated":true}]}}