{"id":2512,"date":"2020-08-20T15:36:50","date_gmt":"2020-08-20T13:36:50","guid":{"rendered":"https:\/\/mumm-mg.de\/mumm-kids\/?p=2512"},"modified":"2020-08-20T15:36:50","modified_gmt":"2020-08-20T13:36:50","slug":"bring-und-abholzeiten","status":"publish","type":"post","link":"https:\/\/mumm-mg.de\/mumm-kids\/2020\/08\/20\/bring-und-abholzeiten\/","title":{"rendered":"Bring- und Abholzeiten"},"content":{"rendered":"<p>Liebe Eltern,<\/p>\n<p>wir m\u00f6chten Sie darauf hinweisen, dass ab dem 24.August 2020 wieder die regul\u00e4ren Bring- und Abholzeiten gelten. Dies bedeutet das Sie die M\u00f6glichkeit haben Ihr Kind zwischen <strong>7:30<\/strong> <strong>bis 9:00 Uhr<\/strong> zu\u00a0<strong>b<\/strong><strong>ringen<\/strong> und von <strong>14:00 bis 14:30 Uhr<\/strong> oder von <strong>15:00 bis 17:00 Uhr abzuholen<\/strong>.<\/p>\n<p>Ebenfalls m\u00f6chten wir Sie darauf hinweisen, dass Sie sich bitte <strong>VOR dem Betreten<\/strong> der Kita die H\u00e4nde <strong>desinfizieren<\/strong> und einen <strong>Nasen-Mund-Schutz<\/strong> tragen!<\/p>\n<p>&nbsp;<\/p>\n<p>Wir bedanken uns f\u00fcr Ihr Verst\u00e4ndnis!<\/p>\n<p>&nbsp;<\/p>\n","protected":false},"excerpt":{"rendered":"<p>Liebe Eltern, wir m\u00f6chten Sie darauf hinweisen, dass ab dem 24.August 2020 wieder die regul\u00e4ren Bring- und Abholzeiten gelten. Dies bedeutet das Sie die M\u00f6glichkeit haben Ihr Kind zwischen 7:30 bis 9:00 Uhr zu\u00a0bringen und von 14:00 bis 14:30 Uhr oder von 15:00 bis 17:00 Uhr abzuholen. Ebenfalls m\u00f6chten wir Sie darauf hinweisen, dass Sie [&hellip;]<\/p>\n","protected":false},"author":9,"featured_media":0,"comment_status":"closed","ping_status":"closed","sticky":false,"template":"","format":"standard","meta":{"_et_pb_use_builder":"","_et_pb_old_content":"","_et_gb_content_width":"","footnotes":""},"categories":[1],"tags":[],"_links":{"self":[{"href":"https:\/\/mumm-mg.de\/mumm-kids\/wp-json\/wp\/v2\/posts\/2512"}],"collection":[{"href":"https:\/\/mumm-mg.de\/mumm-kids\/wp-json\/wp\/v2\/posts"}],"about":[{"href":"https:\/\/mumm-mg.de\/mumm-kids\/wp-json\/wp\/v2\/types\/post"}],"author":[{"embeddable":true,"href":"https:\/\/mumm-mg.de\/mumm-kids\/wp-json\/wp\/v2\/users\/9"}],"replies":[{"embeddable":true,"href":"https:\/\/mumm-mg.de\/mumm-kids\/wp-json\/wp\/v2\/comments?post=2512"}],"version-history":[{"count":1,"href":"https:\/\/mumm-mg.de\/mumm-kids\/wp-json\/wp\/v2\/posts\/2512\/revisions"}],"predecessor-version":[{"id":2513,"href":"https:\/\/mumm-mg.de\/mumm-kids\/wp-json\/wp\/v2\/posts\/2512\/revisions\/2513"}],"wp:attachment":[{"href":"https:\/\/mumm-mg.de\/mumm-kids\/wp-json\/wp\/v2\/media?parent=2512"}],"wp:term":[{"taxonomy":"category","embeddable":true,"href":"https:\/\/mumm-mg.de\/mumm-kids\/wp-json\/wp\/v2\/categories?post=2512"},{"taxonomy":"post_tag","embeddable":true,"href":"https:\/\/mumm-mg.de\/mumm-kids\/wp-json\/wp\/v2\/tags?post=2512"}],"curies":[{"name":"wp","href":"https:\/\/api.w.org\/{rel}","templated":true}]}}