{"id":2557,"date":"2020-12-16T14:37:37","date_gmt":"2020-12-16T13:37:37","guid":{"rendered":"https:\/\/mumm-mg.de\/mumm-kids\/?p=2557"},"modified":"2020-12-16T14:37:37","modified_gmt":"2020-12-16T13:37:37","slug":"laternen-basteln-im-atelier-2","status":"publish","type":"post","link":"https:\/\/mumm-mg.de\/mumm-kids\/2020\/12\/16\/laternen-basteln-im-atelier-2\/","title":{"rendered":"Laternen Basteln im Atelier"},"content":{"rendered":"<p>Passend zum Herbststart haben wir im Atelier auch mit dem Laternen Basteln begonnen. Das Basteln der Laternen steht unter dem Thema &#8222;Stulle und Co.&#8220;.<\/p>\n<p>Unsere kleinen K\u00fcnstler k\u00f6nnen ausw\u00e4hlen, ob sie eine Laterne mit Stulle-M\u00e4usen oder einen K\u00e4seschnitt f\u00fcr Stulle basteln m\u00f6chten. Die Laternen werden dann mit Unterst\u00fctzung der Fachkr\u00e4fte erstellt. Die K\u00e4seschnitte wurden von den Kindern flei\u00dfig ausgeprickelt und die Stulle-M\u00e4use wurden mit der Kartoffeldrucktechnik auf das Transparentpapier gedruckt.<\/p>\n<p>Die Kinder waren auf die fertigen Laternen sehr stolz, da sie so viel ganz alleine anfertigen konnten und nur wenig Unterst\u00fctzung ben\u00f6tigt haben.<\/p>\n","protected":false},"excerpt":{"rendered":"<p>Passend zum Herbststart haben wir im Atelier auch mit dem Laternen Basteln begonnen. Das Basteln der Laternen steht unter dem Thema &#8222;Stulle und Co.&#8220;. Unsere kleinen K\u00fcnstler k\u00f6nnen ausw\u00e4hlen, ob sie eine Laterne mit Stulle-M\u00e4usen oder einen K\u00e4seschnitt f\u00fcr Stulle basteln m\u00f6chten. Die Laternen werden dann mit Unterst\u00fctzung der Fachkr\u00e4fte erstellt. Die K\u00e4seschnitte wurden von [&hellip;]<\/p>\n","protected":false},"author":9,"featured_media":0,"comment_status":"closed","ping_status":"closed","sticky":false,"template":"","format":"standard","meta":{"_et_pb_use_builder":"","_et_pb_old_content":"","_et_gb_content_width":"","footnotes":""},"categories":[1],"tags":[],"_links":{"self":[{"href":"https:\/\/mumm-mg.de\/mumm-kids\/wp-json\/wp\/v2\/posts\/2557"}],"collection":[{"href":"https:\/\/mumm-mg.de\/mumm-kids\/wp-json\/wp\/v2\/posts"}],"about":[{"href":"https:\/\/mumm-mg.de\/mumm-kids\/wp-json\/wp\/v2\/types\/post"}],"author":[{"embeddable":true,"href":"https:\/\/mumm-mg.de\/mumm-kids\/wp-json\/wp\/v2\/users\/9"}],"replies":[{"embeddable":true,"href":"https:\/\/mumm-mg.de\/mumm-kids\/wp-json\/wp\/v2\/comments?post=2557"}],"version-history":[{"count":1,"href":"https:\/\/mumm-mg.de\/mumm-kids\/wp-json\/wp\/v2\/posts\/2557\/revisions"}],"predecessor-version":[{"id":2558,"href":"https:\/\/mumm-mg.de\/mumm-kids\/wp-json\/wp\/v2\/posts\/2557\/revisions\/2558"}],"wp:attachment":[{"href":"https:\/\/mumm-mg.de\/mumm-kids\/wp-json\/wp\/v2\/media?parent=2557"}],"wp:term":[{"taxonomy":"category","embeddable":true,"href":"https:\/\/mumm-mg.de\/mumm-kids\/wp-json\/wp\/v2\/categories?post=2557"},{"taxonomy":"post_tag","embeddable":true,"href":"https:\/\/mumm-mg.de\/mumm-kids\/wp-json\/wp\/v2\/tags?post=2557"}],"curies":[{"name":"wp","href":"https:\/\/api.w.org\/{rel}","templated":true}]}}