{"id":2608,"date":"2020-12-17T09:34:06","date_gmt":"2020-12-17T08:34:06","guid":{"rendered":"https:\/\/mumm-mg.de\/mumm-kids\/?p=2608"},"modified":"2020-12-17T09:34:40","modified_gmt":"2020-12-17T08:34:40","slug":"weihnachtsfeier-mit-den-kindern","status":"publish","type":"post","link":"https:\/\/mumm-mg.de\/mumm-kids\/2020\/12\/17\/weihnachtsfeier-mit-den-kindern\/","title":{"rendered":"Weihnachtsfeier mit den Kindern"},"content":{"rendered":"<div class=\"entry-content\">\n<p>Am Dienstag, den 15.12. m\u00f6chten wir gemeinsam mit den Kindern eine gem\u00fctliche Weihnachtsfeier bei uns im Familienzentrum feiern. Daf\u00fcr haben wir mit den Kindern gemeinsam Kekse gebacken und Lieder ge\u00fcbt, welche wir an diesem Tag singen m\u00f6chten.<\/p>\n<p>Ebenso m\u00f6chten wir diese Weihnachtsfeier zum Anlass nutzen, um mit den Kindern zusammen zu Essen und Kekse zu naschen. In dieser gem\u00fctlichen Runde kommen wir in nette Gespr\u00e4che und k\u00f6nnen gemeinsam wieder Erinnerungen aufleben zu lassen. Wir freuen uns auf den Tag!<\/p>\n<\/div>\n","protected":false},"excerpt":{"rendered":"<p>Am Dienstag, den 15.12. m\u00f6chten wir gemeinsam mit den Kindern eine gem\u00fctliche Weihnachtsfeier bei uns im Familienzentrum feiern. Daf\u00fcr haben wir mit den Kindern gemeinsam Kekse gebacken und Lieder ge\u00fcbt, welche wir an diesem Tag singen m\u00f6chten. Ebenso m\u00f6chten wir diese Weihnachtsfeier zum Anlass nutzen, um mit den Kindern zusammen zu Essen und Kekse zu [&hellip;]<\/p>\n","protected":false},"author":9,"featured_media":0,"comment_status":"closed","ping_status":"closed","sticky":false,"template":"","format":"standard","meta":{"_et_pb_use_builder":"","_et_pb_old_content":"","_et_gb_content_width":"","footnotes":""},"categories":[1],"tags":[],"_links":{"self":[{"href":"https:\/\/mumm-mg.de\/mumm-kids\/wp-json\/wp\/v2\/posts\/2608"}],"collection":[{"href":"https:\/\/mumm-mg.de\/mumm-kids\/wp-json\/wp\/v2\/posts"}],"about":[{"href":"https:\/\/mumm-mg.de\/mumm-kids\/wp-json\/wp\/v2\/types\/post"}],"author":[{"embeddable":true,"href":"https:\/\/mumm-mg.de\/mumm-kids\/wp-json\/wp\/v2\/users\/9"}],"replies":[{"embeddable":true,"href":"https:\/\/mumm-mg.de\/mumm-kids\/wp-json\/wp\/v2\/comments?post=2608"}],"version-history":[{"count":1,"href":"https:\/\/mumm-mg.de\/mumm-kids\/wp-json\/wp\/v2\/posts\/2608\/revisions"}],"predecessor-version":[{"id":2609,"href":"https:\/\/mumm-mg.de\/mumm-kids\/wp-json\/wp\/v2\/posts\/2608\/revisions\/2609"}],"wp:attachment":[{"href":"https:\/\/mumm-mg.de\/mumm-kids\/wp-json\/wp\/v2\/media?parent=2608"}],"wp:term":[{"taxonomy":"category","embeddable":true,"href":"https:\/\/mumm-mg.de\/mumm-kids\/wp-json\/wp\/v2\/categories?post=2608"},{"taxonomy":"post_tag","embeddable":true,"href":"https:\/\/mumm-mg.de\/mumm-kids\/wp-json\/wp\/v2\/tags?post=2608"}],"curies":[{"name":"wp","href":"https:\/\/api.w.org\/{rel}","templated":true}]}}