{"id":2636,"date":"2021-02-11T09:36:52","date_gmt":"2021-02-11T08:36:52","guid":{"rendered":"https:\/\/mumm-mg.de\/mumm-kids\/?p=2636"},"modified":"2021-02-11T09:36:52","modified_gmt":"2021-02-11T08:36:52","slug":"bezugszeit-ein-wenig-anders","status":"publish","type":"post","link":"https:\/\/mumm-mg.de\/mumm-kids\/2021\/02\/11\/bezugszeit-ein-wenig-anders\/","title":{"rendered":"Bezugszeit&#8230;.ein wenig anders"},"content":{"rendered":"<div class=\"entry-content\">\n<p>Wir haben uns gemeinsam im Team ein neues Projekt f\u00fcr unsere Bezugskinder \u00fcberlegt. Da unser aller Alltag nun schon seit Monaten anders abl\u00e4uft, als gewohnt, wollen wir einen kleinen Schritt in die Normalit\u00e4t zur\u00fcckgehen.<\/p>\n<p>Wir haben letztes Jahr das Projekt &#8222;Bezugserzieherzeit&#8220; ins Leben gerufen. In dieser Zeit hat jeder Bezugserzieher ein kleines Projekt mit seinen Bezugskindern durchgef\u00fchrt, z.B. ein Selbstportr\u00e4t gemalt. Diese Bezugszeit verst\u00e4rkte die Beziehung zwischen dem Bezugserzieher und dem Bezugskind.<\/p>\n<p>Dieses Projekt mussten wir leider pausieren, da der Kindergartenalltag mit Corona ganz anders abl\u00e4uft. Aber wir wollen nat\u00fcrlich nicht, dass unsere Bezugskinder denken, wir h\u00e4tten sie vergessen, nur weil sie momentan nicht in den Kindergarten kommen k\u00f6nnen. Daher lassen wir die Bezugserzieherzeit nun \u00fcber Bezugsbriefe ablaufen. Das hei\u00dft, dass wir nun alle zwei Wochen einen Brief an unsere Bezugskinder schreiben und beispielsweise eine kleine Bastelanleitung mit in den Brief stecken oder eine Geschichte zum Vorlesen.<\/p>\n<p>Wir hoffen das sich unsere Bezugskinder \u00fcber unsere Briefe freuen und wir sind gespannt, ob wir auch die ein oder andere Antwort erhalten!<\/p>\n<\/div>\n","protected":false},"excerpt":{"rendered":"<p>Wir haben uns gemeinsam im Team ein neues Projekt f\u00fcr unsere Bezugskinder \u00fcberlegt. Da unser aller Alltag nun schon seit Monaten anders abl\u00e4uft, als gewohnt, wollen wir einen kleinen Schritt in die Normalit\u00e4t zur\u00fcckgehen. Wir haben letztes Jahr das Projekt &#8222;Bezugserzieherzeit&#8220; ins Leben gerufen. In dieser Zeit hat jeder Bezugserzieher ein kleines Projekt mit seinen [&hellip;]<\/p>\n","protected":false},"author":9,"featured_media":0,"comment_status":"closed","ping_status":"closed","sticky":false,"template":"","format":"standard","meta":{"_et_pb_use_builder":"","_et_pb_old_content":"","_et_gb_content_width":"","footnotes":""},"categories":[1],"tags":[],"_links":{"self":[{"href":"https:\/\/mumm-mg.de\/mumm-kids\/wp-json\/wp\/v2\/posts\/2636"}],"collection":[{"href":"https:\/\/mumm-mg.de\/mumm-kids\/wp-json\/wp\/v2\/posts"}],"about":[{"href":"https:\/\/mumm-mg.de\/mumm-kids\/wp-json\/wp\/v2\/types\/post"}],"author":[{"embeddable":true,"href":"https:\/\/mumm-mg.de\/mumm-kids\/wp-json\/wp\/v2\/users\/9"}],"replies":[{"embeddable":true,"href":"https:\/\/mumm-mg.de\/mumm-kids\/wp-json\/wp\/v2\/comments?post=2636"}],"version-history":[{"count":1,"href":"https:\/\/mumm-mg.de\/mumm-kids\/wp-json\/wp\/v2\/posts\/2636\/revisions"}],"predecessor-version":[{"id":2637,"href":"https:\/\/mumm-mg.de\/mumm-kids\/wp-json\/wp\/v2\/posts\/2636\/revisions\/2637"}],"wp:attachment":[{"href":"https:\/\/mumm-mg.de\/mumm-kids\/wp-json\/wp\/v2\/media?parent=2636"}],"wp:term":[{"taxonomy":"category","embeddable":true,"href":"https:\/\/mumm-mg.de\/mumm-kids\/wp-json\/wp\/v2\/categories?post=2636"},{"taxonomy":"post_tag","embeddable":true,"href":"https:\/\/mumm-mg.de\/mumm-kids\/wp-json\/wp\/v2\/tags?post=2636"}],"curies":[{"name":"wp","href":"https:\/\/api.w.org\/{rel}","templated":true}]}}