{"id":2689,"date":"2021-03-25T10:24:49","date_gmt":"2021-03-25T09:24:49","guid":{"rendered":"https:\/\/mumm-mg.de\/mumm-kids\/?p=2689"},"modified":"2021-03-25T10:26:22","modified_gmt":"2021-03-25T09:26:22","slug":"was-geschah-in-der-woche-vom-15-03-bis-19-03-2021-bei-uns","status":"publish","type":"post","link":"https:\/\/mumm-mg.de\/mumm-kids\/2021\/03\/25\/was-geschah-in-der-woche-vom-15-03-bis-19-03-2021-bei-uns\/","title":{"rendered":"Was geschah in der Woche vom 15.03. bis 19.03.2021 bei uns"},"content":{"rendered":"<p>Liebe Eltern, hier erhalten Sie wieder einen Wochenr\u00fcckblick durch unsere Wochenpl\u00e4ne!<\/p>\n<p><span style=\"text-decoration: underline\"><strong>Bauraum:<\/strong><\/span><\/p>\n<p>F\u00fcr die heutige Woche stand das Thema Raketen und Flugzeuge auf dem Programm. Begonnen haben wir am Montag im Morgenkreis mit einer Buchvorstellung. Anschlie\u00dfend durften die Kinder beschreiben, wie sie sich Flugzeuge und Raketen vorstellen. Zum Schluss haben wir passende Lieder gesungen. Den Dienstag haben wir auf dem Kugelspielplatz begonnen und haben verschiedene Flugzeuge und Raketen nachgeahmt. Wir waren Hubschrauber, Segelflugzeuge und Raketen die auf anderen Planeten gelandet sind. Am Nachmittag wurden Papierflugzeuge gebastelt die durch einen Urwald von verschiedenen Formen geflogen sind. Ab Mittwoch mussten wir unser Thema etwas vernachl\u00e4ssigen, da Waldtag war und Nachmittags Geburtstag in der Turnhalle gefeiert wurde. Zwischen Wald und Geburtstag haben wir eine kleine Entspannungsrunde eingelegt. Auch am Donnerstag hatten wir ein Geburtstagskind, welches wir nat\u00fcrlich auch geb\u00fcrtig gefeiert haben. Am Freitag haben wir das tolle Wetter genutzt und sind rausgegangen.<\/p>\n<p><span style=\"text-decoration: underline\"><strong>Rollenspiel:<\/strong><\/span><\/p>\n<p>Der Montag startete f\u00fcr das Rollenspiel mit einem Morgenkreis mit Alex im Medienraum. Im Anschluss daran gab es ein gro\u00dfes Malangebot mit unserer Anerkennungsjahrpraktikantin Nadja und unserer Praktikantin Burcin. Dieses Malangebot erstreckte sich \u00fcber die gesamte Woche im Rollenspiel. Es wurden wundersch\u00f6ne Windlichter-Gl\u00e4ser bemalt. Daf\u00fcr haben wir gro\u00dfe Kirschgl\u00e4ser ausgewaschen, die Etiketten entfernt und mit Glasmalfarbe bemalt. Diese werden bestimmt eine super Deko f\u00fcr unser Osterfr\u00fchst\u00fcck werden! Passend dazu hat Burcin mit den Kindern Ostereier gebastelt. Die Kinder mussten hierf\u00fcr einen Ei-f\u00f6rmigen Rahmen ausprickeln und eine Folie mit ganz viel Transparentpapierschnipseln bekleben. Alex hat daf\u00fcr mit den Kindern die gro\u00dfen Transparentpapierb\u00f6gen in ganz viele kleine Schnipseln zerrissen, das hat den Kindern sehr viel Spa\u00df gemacht! Sobald diese Folie getrocknet ist, wurde sie in den Rahmen reingeklebt. Das ergibt dann ein tolles buntes Osterei, welches wir an die Fenster kleben werden. Denn durch das Transparentpapier wird die Sonne super eingefangen und die bunten Farben leuchten dann hell auf! Zwischen den ganzen Mal- und Bastelaktionen hat Alex Lese- und Singrunden im Medienraum gemacht. Und Nadja hat mit den Kindern Gesellschaftsspiele gespielt, das Quatschhaus ist immer noch ein gro\u00dfer Hit im Rollenspiel! Am Freitag wurde ausgiebig Geburtstag in der Turnhalle gefeiert, es gab Kuchen, Luftschlangen, Luftballons und ganz viel Musik zum Tanzen! Was ein sch\u00f6ner Abschluss f\u00fcr die Woche!<\/p>\n<p>&nbsp;<\/p>\n<p><span style=\"text-decoration: underline\"><strong>Atelier:<\/strong><\/span><\/p>\n<p>In dieser Woche ging es mit dem Projekt &#8222;Raupe Nimmersatt&#8220; weiter. Die Kinder malten ihre Raupen aus und anhand der Klapptechnik erstellten wir bunte Schmetterlinge. Parallel lief das Projekt unserer Anerkennungsjahrpraktikantin weiter. Hier erstellte sie gemeinsam mit den Kindern eine F\u00fchlwand.<\/p>\n","protected":false},"excerpt":{"rendered":"<p>Liebe Eltern, hier erhalten Sie wieder einen Wochenr\u00fcckblick durch unsere Wochenpl\u00e4ne! Bauraum: F\u00fcr die heutige Woche stand das Thema Raketen und Flugzeuge auf dem Programm. Begonnen haben wir am Montag im Morgenkreis mit einer Buchvorstellung. Anschlie\u00dfend durften die Kinder beschreiben, wie sie sich Flugzeuge und Raketen vorstellen. Zum Schluss haben wir passende Lieder gesungen. Den [&hellip;]<\/p>\n","protected":false},"author":9,"featured_media":0,"comment_status":"closed","ping_status":"closed","sticky":false,"template":"","format":"standard","meta":{"_et_pb_use_builder":"","_et_pb_old_content":"","_et_gb_content_width":"","footnotes":""},"categories":[1],"tags":[],"_links":{"self":[{"href":"https:\/\/mumm-mg.de\/mumm-kids\/wp-json\/wp\/v2\/posts\/2689"}],"collection":[{"href":"https:\/\/mumm-mg.de\/mumm-kids\/wp-json\/wp\/v2\/posts"}],"about":[{"href":"https:\/\/mumm-mg.de\/mumm-kids\/wp-json\/wp\/v2\/types\/post"}],"author":[{"embeddable":true,"href":"https:\/\/mumm-mg.de\/mumm-kids\/wp-json\/wp\/v2\/users\/9"}],"replies":[{"embeddable":true,"href":"https:\/\/mumm-mg.de\/mumm-kids\/wp-json\/wp\/v2\/comments?post=2689"}],"version-history":[{"count":3,"href":"https:\/\/mumm-mg.de\/mumm-kids\/wp-json\/wp\/v2\/posts\/2689\/revisions"}],"predecessor-version":[{"id":2692,"href":"https:\/\/mumm-mg.de\/mumm-kids\/wp-json\/wp\/v2\/posts\/2689\/revisions\/2692"}],"wp:attachment":[{"href":"https:\/\/mumm-mg.de\/mumm-kids\/wp-json\/wp\/v2\/media?parent=2689"}],"wp:term":[{"taxonomy":"category","embeddable":true,"href":"https:\/\/mumm-mg.de\/mumm-kids\/wp-json\/wp\/v2\/categories?post=2689"},{"taxonomy":"post_tag","embeddable":true,"href":"https:\/\/mumm-mg.de\/mumm-kids\/wp-json\/wp\/v2\/tags?post=2689"}],"curies":[{"name":"wp","href":"https:\/\/api.w.org\/{rel}","templated":true}]}}