{"id":2694,"date":"2021-03-29T10:50:18","date_gmt":"2021-03-29T08:50:18","guid":{"rendered":"https:\/\/mumm-mg.de\/mumm-kids\/?p=2694"},"modified":"2021-04-07T12:13:20","modified_gmt":"2021-04-07T10:13:20","slug":"was-geschah-in-der-woche-vom-22-03-bis-26-03-2021-bei-uns","status":"publish","type":"post","link":"https:\/\/mumm-mg.de\/mumm-kids\/2021\/03\/29\/was-geschah-in-der-woche-vom-22-03-bis-26-03-2021-bei-uns\/","title":{"rendered":"Was geschah in der Woche vom 22.03. bis 26.03.2021 bei uns"},"content":{"rendered":"<p>Liebe Eltern, hier erhalten Sie wieder einen Wochenr\u00fcckblick durch unsere Wochenpl\u00e4ne!<\/p>\n<p><span style=\"text-decoration: underline\"><strong>Bauraum:<\/strong><\/span><\/p>\n<p>Das Thema Raketen und Flugzeuge haben wir noch mit in die n\u00e4chste Woche genommen. Die Kinder hatten viel Spa\u00df dabei. Wir haben Mandalas ausgemalt, die zum Thema passen und gro\u00dfe Styroporflugzeuge die viel Zeit in Anspruch nehmen bemalt. Die Styroporflugzeuge haben wir gemeinsam mit den Kindern in unserer Gruppe an die Decke gehangen. Am Mittwoch haben wir einen sch\u00f6nen Ausflug in den Wald gemacht. Dort haben wir das Haus vom Wald-Zauberer entdeckt, welches aus Baumst\u00e4mmen besteht. Liebe Eltern, keine Sorge, dort wohnt keiner, Das ist ein selbstgebautes Tipi, wo wir gespielt haben. Die Flugzeuge werden wir selbstverst\u00e4ndlich den Kindern n\u00e4chste Woche mit nach Hause geben.<\/p>\n<p><span style=\"text-decoration: underline\"><strong>Rollenspiel:<\/strong><\/span><\/p>\n<p>Die Woche begann im Rollenspiel mit einer gro\u00dfen Geburtstagsparty, welche im Rollenspiel startete und nachher in die Turnhalle verlegt wurde f\u00fcr ein gro\u00dfes Tanz-Spektakel! Die Kinder haben die ausgelassene Stimmung sehr genossen. Nach der langen und ausgiebigen Party haben wir eine gemeinsame Entspannungsrunde mit einem H\u00f6rspiel im Medienraum gemacht. Am Dienstag hatte unsere Praktikantin Burcin ihren Lehrerbesuch. Hier hat sie mit den Kindern Knete in den verschiedensten Farben hergestellt. Diese Knete durften die Kinder nat\u00fcrlich auch mit nach Hause nehmen. Nach dem Lehrerbesuch haben sich die Kinder wieder eine Entspannungsrunde mit einem H\u00f6rspiel gew\u00fcnscht. Diesem Wunsch sind wir selbstverst\u00e4ndlich nachgekommen. Zum Abschluss des Tages sind wir mit den Kindern noch in unser Au\u00dfengel\u00e4nde gegangen. Der Mittwoch startete f\u00fcr uns im Au\u00dfengel\u00e4nde. Die Kinder hatten heute eine gro\u00dfe Lust, sich auszutoben! Der Mittag hingegen verlief dann ganz ruhig mit verschiedenen Malangeboten, welche von Maik und Nadja begleitet wurden und mit Leserunden, welche Alex im Medienraum gemacht hat. Am Donnerstag haben wir nach langer Zeit mal wieder die Kreide ausgepackt f\u00fcr unsere gro\u00dfe Kreidetafel im Flur. Die Kinder waren stundenlang damit besch\u00e4ftigt die sch\u00f6nsten Kreidebilder zu malen und sie anschlie\u00dfend wieder wegzuwischen. Das Wochenende wurde dann wieder mit einer gro\u00dfen Feier eingeleitet. Dieses mal jedoch nicht wegen einem Geburtstag, sondern wegen einem Abschied. Burcin, unsere flei\u00dfige Praktikantin, hatte ihren letzten Tag! Sie hat f\u00fcr alle Kinder Kuchen gebacken und eine kleine \u00dcberraschung mitgebracht. Wir w\u00fcnschen ihr alles Gute f\u00fcr die Zukunft und bedanken uns f\u00fcr die wunderbare Unterst\u00fctzung!<\/p>\n<p><span style=\"text-decoration: underline\"><strong>Atelier:<\/strong><\/span><\/p>\n<p>&#8222;Fr\u00fchlingszeit mit Klara und den M\u00e4usen&#8220;<\/p>\n<p>Klara ist eine dicke gelbe (Stein-)Maus, welche ganz viele (Stein-)M\u00e4usekinder mitbringt. Die M\u00e4usekinder haben verschiedene Farben, welche verschiedene &#8222;Aktionen&#8220; mitbringen. Die gelben M\u00e4use bringen jeden Montag eine Geschichte mit, die lilanen M\u00e4use bringen uns musikalische Angebote wie z.B. Fr\u00fchlingslieder, Klanggeschichten etc., die orangenen M\u00e4use bringen uns in Bewegung z.B. Waldausfl\u00fcge, Bewegungsparcours-\/Spiele etc. und die blauen M\u00e4use lassen uns kreativ werden. Gemeinsam wollen wir mit Klara und den M\u00e4usen den Fr\u00fchling entdecken und erleben. Jeden Tag darf eine bunte Maus zu einem Kind nach Hause, solange bis alle M\u00e4use ausgezogen sind.\u00a0 In dieser Woche haben wir auch noch Fr\u00fchlingslieder\/Osterlieder gesungen, z.B. &#8222;Immer wieder kommt ein neuer Fr\u00fchling&#8220; , &#8222;Stups der kleine Osterhase&#8220;. Au\u00dferdem haben wir gemeinsam Osterhasen gebacken. Diese konnten die Kinder mit Zuckerguss und Streuseln dekorieren. Auch haben wir einen Waldausflug gemacht. Hier haben wir einen &#8222;Eierlauf im Wald&#8220; gespielt. Gegen Ende der Woche hat unsere Anerkennungsjahrpraktikantin ihr Projekt &#8222;Ich und meine 5 Sinne&#8220; an Hand einer Stationsarbeit beenendet.<\/p>\n","protected":false},"excerpt":{"rendered":"<p>Liebe Eltern, hier erhalten Sie wieder einen Wochenr\u00fcckblick durch unsere Wochenpl\u00e4ne! Bauraum: Das Thema Raketen und Flugzeuge haben wir noch mit in die n\u00e4chste Woche genommen. Die Kinder hatten viel Spa\u00df dabei. Wir haben Mandalas ausgemalt, die zum Thema passen und gro\u00dfe Styroporflugzeuge die viel Zeit in Anspruch nehmen bemalt. Die Styroporflugzeuge haben wir gemeinsam [&hellip;]<\/p>\n","protected":false},"author":9,"featured_media":0,"comment_status":"closed","ping_status":"closed","sticky":false,"template":"","format":"standard","meta":{"_et_pb_use_builder":"","_et_pb_old_content":"","_et_gb_content_width":"","footnotes":""},"categories":[1],"tags":[],"_links":{"self":[{"href":"https:\/\/mumm-mg.de\/mumm-kids\/wp-json\/wp\/v2\/posts\/2694"}],"collection":[{"href":"https:\/\/mumm-mg.de\/mumm-kids\/wp-json\/wp\/v2\/posts"}],"about":[{"href":"https:\/\/mumm-mg.de\/mumm-kids\/wp-json\/wp\/v2\/types\/post"}],"author":[{"embeddable":true,"href":"https:\/\/mumm-mg.de\/mumm-kids\/wp-json\/wp\/v2\/users\/9"}],"replies":[{"embeddable":true,"href":"https:\/\/mumm-mg.de\/mumm-kids\/wp-json\/wp\/v2\/comments?post=2694"}],"version-history":[{"count":1,"href":"https:\/\/mumm-mg.de\/mumm-kids\/wp-json\/wp\/v2\/posts\/2694\/revisions"}],"predecessor-version":[{"id":2696,"href":"https:\/\/mumm-mg.de\/mumm-kids\/wp-json\/wp\/v2\/posts\/2694\/revisions\/2696"}],"wp:attachment":[{"href":"https:\/\/mumm-mg.de\/mumm-kids\/wp-json\/wp\/v2\/media?parent=2694"}],"wp:term":[{"taxonomy":"category","embeddable":true,"href":"https:\/\/mumm-mg.de\/mumm-kids\/wp-json\/wp\/v2\/categories?post=2694"},{"taxonomy":"post_tag","embeddable":true,"href":"https:\/\/mumm-mg.de\/mumm-kids\/wp-json\/wp\/v2\/tags?post=2694"}],"curies":[{"name":"wp","href":"https:\/\/api.w.org\/{rel}","templated":true}]}}