{"id":2709,"date":"2021-04-13T09:24:00","date_gmt":"2021-04-13T07:24:00","guid":{"rendered":"https:\/\/mumm-mg.de\/mumm-kids\/?p=2709"},"modified":"2021-04-13T09:24:45","modified_gmt":"2021-04-13T07:24:45","slug":"osterfruehstueck","status":"publish","type":"post","link":"https:\/\/mumm-mg.de\/mumm-kids\/2021\/04\/13\/osterfruehstueck\/","title":{"rendered":"Osterfr\u00fchst\u00fcck"},"content":{"rendered":"<p>Liebe Eltern,<\/p>\n<p>dieses Jahr wollen wir uns das Osterfest nicht nehmen lassen. Aus diesem Grund haben wir am Donnerstag in jeder Settingsgruppe ein gro\u00dfes Osterfr\u00fchst\u00fcck vorbereitet. Wir wollen damit ein wenig Ruhe und Normalit\u00e4t in den stressigen Alltag in Zeiten von Corona bringen. Jeder Raum wurde liebevoll mit Ostereiern und Osterdeko geschm\u00fcckt und osterlich eingedeckt. Und nat\u00fcrlich gab es dieses Jahr wieder ein Osterk\u00f6rbchen f\u00fcr jedes Kind mit leckeren K\u00f6stlichkeiten und bunten Ostereiern. Und worauf sich die Kinder besonders gefreut haben&#8230;.der Osterhase war bei uns! Er hat kunterbunte Eier auf unserem Au\u00dfengel\u00e4nde versteckt und jedes Kind durfte 2 Ostereier suchen und anschlie\u00dfend in sein Osterk\u00f6rbchen legen.<\/p>\n<p>Wir k\u00f6nnen f\u00fcr alle Settingsgruppen sprechen, wenn wir sagen, dass wir alle einen wunderbaren Tag und ganz viel Spa\u00df hatten!<\/p>\n<p>&nbsp;<\/p>\n\n\t\t<style type=\"text\/css\">\n\t\t\t#gallery-1 {\n\t\t\t\tmargin: auto;\n\t\t\t}\n\t\t\t#gallery-1 .gallery-item {\n\t\t\t\tfloat: left;\n\t\t\t\tmargin-top: 10px;\n\t\t\t\ttext-align: center;\n\t\t\t\twidth: 50%;\n\t\t\t}\n\t\t\t#gallery-1 img {\n\t\t\t\tborder: 2px solid #cfcfcf;\n\t\t\t}\n\t\t\t#gallery-1 .gallery-caption {\n\t\t\t\tmargin-left: 0;\n\t\t\t}\n\t\t\t\/* see gallery_shortcode() in wp-includes\/media.php *\/\n\t\t<\/style>\n\t\t<div id='gallery-1' class='gallery galleryid-2709 gallery-columns-2 gallery-size-thumbnail'><dl class='gallery-item'>\n\t\t\t<dt class='gallery-icon landscape'>\n\t\t\t\t<a href='https:\/\/mumm-mg.de\/mumm-kids\/2021\/04\/13\/osterfruehstueck\/20210401_085433\/'><img loading=\"lazy\" decoding=\"async\" width=\"150\" height=\"150\" src=\"https:\/\/mumm-mg.de\/mumm-kids\/wp-content\/uploads\/sites\/7\/2021\/04\/20210401_085433-150x150.jpg\" class=\"attachment-thumbnail size-thumbnail\" alt=\"\" \/><\/a>\n\t\t\t<\/dt><\/dl><dl class='gallery-item'>\n\t\t\t<dt class='gallery-icon portrait'>\n\t\t\t\t<a href='https:\/\/mumm-mg.de\/mumm-kids\/2021\/04\/13\/osterfruehstueck\/20210401_085441\/'><img loading=\"lazy\" decoding=\"async\" width=\"150\" height=\"150\" src=\"https:\/\/mumm-mg.de\/mumm-kids\/wp-content\/uploads\/sites\/7\/2021\/04\/20210401_085441-150x150.jpg\" class=\"attachment-thumbnail size-thumbnail\" alt=\"\" \/><\/a>\n\t\t\t<\/dt><\/dl><br style=\"clear: both\" \/><dl class='gallery-item'>\n\t\t\t<dt class='gallery-icon portrait'>\n\t\t\t\t<a href='https:\/\/mumm-mg.de\/mumm-kids\/2021\/04\/13\/osterfruehstueck\/20210401_085457\/'><img loading=\"lazy\" decoding=\"async\" width=\"150\" height=\"150\" src=\"https:\/\/mumm-mg.de\/mumm-kids\/wp-content\/uploads\/sites\/7\/2021\/04\/20210401_085457-150x150.jpg\" class=\"attachment-thumbnail size-thumbnail\" alt=\"\" \/><\/a>\n\t\t\t<\/dt><\/dl><dl class='gallery-item'>\n\t\t\t<dt class='gallery-icon portrait'>\n\t\t\t\t<a href='https:\/\/mumm-mg.de\/mumm-kids\/2021\/04\/13\/osterfruehstueck\/20210401_085501\/'><img loading=\"lazy\" decoding=\"async\" width=\"150\" height=\"150\" src=\"https:\/\/mumm-mg.de\/mumm-kids\/wp-content\/uploads\/sites\/7\/2021\/04\/20210401_085501-150x150.jpg\" class=\"attachment-thumbnail size-thumbnail\" alt=\"\" \/><\/a>\n\t\t\t<\/dt><\/dl><br style=\"clear: both\" \/>\n\t\t<\/div>\n\n","protected":false},"excerpt":{"rendered":"<p>Liebe Eltern, dieses Jahr wollen wir uns das Osterfest nicht nehmen lassen. Aus diesem Grund haben wir am Donnerstag in jeder Settingsgruppe ein gro\u00dfes Osterfr\u00fchst\u00fcck vorbereitet. Wir wollen damit ein wenig Ruhe und Normalit\u00e4t in den stressigen Alltag in Zeiten von Corona bringen. Jeder Raum wurde liebevoll mit Ostereiern und Osterdeko geschm\u00fcckt und osterlich eingedeckt. [&hellip;]<\/p>\n","protected":false},"author":9,"featured_media":0,"comment_status":"closed","ping_status":"closed","sticky":false,"template":"","format":"standard","meta":{"_et_pb_use_builder":"","_et_pb_old_content":"","_et_gb_content_width":"","footnotes":""},"categories":[1],"tags":[],"_links":{"self":[{"href":"https:\/\/mumm-mg.de\/mumm-kids\/wp-json\/wp\/v2\/posts\/2709"}],"collection":[{"href":"https:\/\/mumm-mg.de\/mumm-kids\/wp-json\/wp\/v2\/posts"}],"about":[{"href":"https:\/\/mumm-mg.de\/mumm-kids\/wp-json\/wp\/v2\/types\/post"}],"author":[{"embeddable":true,"href":"https:\/\/mumm-mg.de\/mumm-kids\/wp-json\/wp\/v2\/users\/9"}],"replies":[{"embeddable":true,"href":"https:\/\/mumm-mg.de\/mumm-kids\/wp-json\/wp\/v2\/comments?post=2709"}],"version-history":[{"count":1,"href":"https:\/\/mumm-mg.de\/mumm-kids\/wp-json\/wp\/v2\/posts\/2709\/revisions"}],"predecessor-version":[{"id":2714,"href":"https:\/\/mumm-mg.de\/mumm-kids\/wp-json\/wp\/v2\/posts\/2709\/revisions\/2714"}],"wp:attachment":[{"href":"https:\/\/mumm-mg.de\/mumm-kids\/wp-json\/wp\/v2\/media?parent=2709"}],"wp:term":[{"taxonomy":"category","embeddable":true,"href":"https:\/\/mumm-mg.de\/mumm-kids\/wp-json\/wp\/v2\/categories?post=2709"},{"taxonomy":"post_tag","embeddable":true,"href":"https:\/\/mumm-mg.de\/mumm-kids\/wp-json\/wp\/v2\/tags?post=2709"}],"curies":[{"name":"wp","href":"https:\/\/api.w.org\/{rel}","templated":true}]}}