{"id":2748,"date":"2021-05-11T12:46:11","date_gmt":"2021-05-11T10:46:11","guid":{"rendered":"https:\/\/mumm-mg.de\/mumm-kids\/?p=2748"},"modified":"2021-05-11T12:48:39","modified_gmt":"2021-05-11T10:48:39","slug":"was-geschah-in-der-woche-vom-03-05-bis-zum-07-05-2021-bei-uns","status":"publish","type":"post","link":"https:\/\/mumm-mg.de\/mumm-kids\/2021\/05\/11\/was-geschah-in-der-woche-vom-03-05-bis-zum-07-05-2021-bei-uns\/","title":{"rendered":"Was geschah in der Woche vom 03.05. bis zum 07.05.2021 bei uns"},"content":{"rendered":"<p>Liebe Eltern, hier erhalten Sie wieder einen Wochenr\u00fcckblick durch unsere Wochenpl\u00e4ne!<\/p>\n<p><span style=\"text-decoration: underline\"><strong>Bauraum:<\/strong><\/span><\/p>\n<p>Zu Beginn der Woche haben wir uns auf unsere Salzteigabdr\u00fccke gefreut, welche wir in der vorherigen Woche gemacht haben. Doch leider mussten wir feststellen, dass es in dem Raum wo wir die Abdr\u00fccke \u00fcber das Wochenende gelagert haben viel zu warm war. Dort sind Risse entstanden, was wirklich Schade ist, aber auch bei uns kann mal was schiefgehen. Da wir aber von Dienstag auf Donnerstag was anderes geplant haben, z.B. eine Leserunde, neue Brettspiele kennenlernen, Bastelstunden und ein selbstgemachtes Monster-Memory, wo jedes Monster einen eigenen Namen bekommen hat. Das Memory ist super geworden. Dann haben wir uns \u00fcberlegt, dass wir den Freitag einfach umplanen und da den zweiten Versuch mit dem Salzteig-Abdruck starten. Und was sollen wir sagen? Es hat wirklich funktionniert, alle in unserer Gruppe sind super gl\u00fccklich. Jetzt lassen wir sie trocknen und ganz bald k\u00f6nnen wir die Abdr\u00fccke bemalen. In dieser Woche haben wir mal wieder gemerkt, dass man nicht traurig sein muss, wenn etwas nicht funktioniert. Man muss es einfach mehrmal ausprobieren, bis es klappt!<\/p>\n<p><span style=\"text-decoration: underline\"><strong>Rollenspiel:<\/strong><\/span><\/p>\n<p>Diese Woche war im Rollenspiel wieder sehr ereignisreich und ern\u00e4hrungslastig. Unsere Kinder sind wieder mit Meryem auf den Markt gegangen und haben f\u00fcr uns neues Obst besorgt. Nat\u00fcrlich hat es nicht lange auf sich warten lassen bis wieder der Smoothie-Maker zum Vorschein kam! Diese Woche gab es einen Wassermelonensmoothie, wie lecker. Am Dienstag und Freitag hat unsere Anerkennungsjahrpraktikantin Nadja ihre Projektteilschirtte weitergef\u00fchrt und am Donnerstag kam die Lehrerin von unserer Praktikantin Cenet wieder zu Besuch. Cenet hat hierf\u00fcr mit den Kindern eine Traumreise im Snoozleraum gemacht. Am Freitag haben wir im Rollenspiel ein Brunch gemacht. Wir haben Toast und K\u00e4se besorgt und viele leckere Gem\u00fcsesorten zum belegen. Die Kinder durften sich ihr eigenes Toastbrot belegen wie es ihnen beliebt und anschlie\u00dfend wurde alles mit K\u00e4se \u00fcberbacken. Die Kinder hatten viel Spa\u00df dabei alles zu schneiden und sich durchzuprobieren. Das wollen wir ganz bald gerne wiederholen!<\/p>\n<p><span style=\"text-decoration: underline\"><strong>Atelier:<\/strong><\/span><\/p>\n<p>\u00d6kologie stand diese Woche im Atelier im Vordergrund. Die Praktikantin Isabella hatte ihren Lehrerbesuch. Sie bepflanzte mit den Kindern Bohnen, jedoch nicht in gew\u00f6hnliche Blument\u00f6pfe, sondern in Fruchtzwergbecher. Statt die Bohnen mit Erde abzudecken, benutzte sie feuchte Wattepads. Mittwoch ging es weiter mit der \u00f6kologischen Bildung. Gemeinsam mit den Kindern malte unsere Anerkennungsjahrpraktikantin Nilay die restlichen Blument\u00f6pfe, die von ihrem Lehrerbesuch \u00fcbrig geblieben sind, an. Die Kinder haben ihre Blument\u00f6pfe kunterbunt angemalt und somit sind tolle Werke entstanden. Sp\u00e4ter bepflanzten sie die T\u00f6pfe mit Basilikum- und Kressesamen. Gegen Ende der Woche haben wir Blumen aus Pappe gebastelt und diese ebenfalls in kleine Blument\u00f6pfe mit Erde platziert. Am Ende des Freitags haben wir die Abschiedsfeier unserer Praktikantin Isabella gefeiert. Im Sitzkreis haben wir mit den Kindern ihr die Geschenke \u00fcberreicht. Au\u00dferdem verteilte Isabella den Kindern eine Kleinigkeit zum Snacken.<\/p>\n","protected":false},"excerpt":{"rendered":"<p>Liebe Eltern, hier erhalten Sie wieder einen Wochenr\u00fcckblick durch unsere Wochenpl\u00e4ne! Bauraum: Zu Beginn der Woche haben wir uns auf unsere Salzteigabdr\u00fccke gefreut, welche wir in der vorherigen Woche gemacht haben. Doch leider mussten wir feststellen, dass es in dem Raum wo wir die Abdr\u00fccke \u00fcber das Wochenende gelagert haben viel zu warm war. Dort [&hellip;]<\/p>\n","protected":false},"author":9,"featured_media":0,"comment_status":"closed","ping_status":"closed","sticky":false,"template":"","format":"standard","meta":{"_et_pb_use_builder":"","_et_pb_old_content":"","_et_gb_content_width":"","footnotes":""},"categories":[1],"tags":[],"_links":{"self":[{"href":"https:\/\/mumm-mg.de\/mumm-kids\/wp-json\/wp\/v2\/posts\/2748"}],"collection":[{"href":"https:\/\/mumm-mg.de\/mumm-kids\/wp-json\/wp\/v2\/posts"}],"about":[{"href":"https:\/\/mumm-mg.de\/mumm-kids\/wp-json\/wp\/v2\/types\/post"}],"author":[{"embeddable":true,"href":"https:\/\/mumm-mg.de\/mumm-kids\/wp-json\/wp\/v2\/users\/9"}],"replies":[{"embeddable":true,"href":"https:\/\/mumm-mg.de\/mumm-kids\/wp-json\/wp\/v2\/comments?post=2748"}],"version-history":[{"count":2,"href":"https:\/\/mumm-mg.de\/mumm-kids\/wp-json\/wp\/v2\/posts\/2748\/revisions"}],"predecessor-version":[{"id":2750,"href":"https:\/\/mumm-mg.de\/mumm-kids\/wp-json\/wp\/v2\/posts\/2748\/revisions\/2750"}],"wp:attachment":[{"href":"https:\/\/mumm-mg.de\/mumm-kids\/wp-json\/wp\/v2\/media?parent=2748"}],"wp:term":[{"taxonomy":"category","embeddable":true,"href":"https:\/\/mumm-mg.de\/mumm-kids\/wp-json\/wp\/v2\/categories?post=2748"},{"taxonomy":"post_tag","embeddable":true,"href":"https:\/\/mumm-mg.de\/mumm-kids\/wp-json\/wp\/v2\/tags?post=2748"}],"curies":[{"name":"wp","href":"https:\/\/api.w.org\/{rel}","templated":true}]}}