{"id":3016,"date":"2022-06-20T09:18:03","date_gmt":"2022-06-20T07:18:03","guid":{"rendered":"https:\/\/mumm-mg.de\/mumm-kids\/?p=3016"},"modified":"2023-02-22T09:45:58","modified_gmt":"2023-02-22T08:45:58","slug":"verabschiedung-unserer-vorschulkinder","status":"publish","type":"post","link":"https:\/\/mumm-mg.de\/mumm-kids\/2022\/06\/20\/verabschiedung-unserer-vorschulkinder\/","title":{"rendered":"Verabschiedung unserer Vorschulkinder"},"content":{"rendered":"<p>Liebe Eltern,<\/p>\n<p>am heutigen Freitag, den 10.06.2022 ist ein ganz besonderer Tag f\u00fcr unsere Vorschulkinder, denn dieser geh\u00f6rt nur ihnen.<\/p>\n<p>F\u00fcr die Verabschiedung haben wir uns als Einrichtung etwas sch\u00f6nes \u00fcberlegt. Zu erst fahren wir gemeinsam mit allen Vorschulkindern und ihren Eltern in den Tier- und Naturpark Br\u00fcggen. Dort d\u00fcrfen die Vorschulkinder die Zeit mit ihren Eltern, Freunden und Bezugserziehern nutzen und den gesamten Park und all seine Besonderheiten erkunden. Anschlie\u00dfend haben wir uns alle wieder zusammengefunden und gemeinsam gegrillt. Beim gemeinsamen Essen wurde ausgiebig in Erinnerungen geschwelgt und viel gelacht und sogar die ein oder andere Tr\u00e4ne verdr\u00fcckt.<\/p>\n<p>Wir bedanken uns f\u00fcr den sch\u00f6nen Tag!<\/p>\n<p>&nbsp;<\/p>\n<p>Euer Mumm Kids Team<\/p>\n<p>&nbsp;<\/p>\n<p>&nbsp;<\/p>\n","protected":false},"excerpt":{"rendered":"<p>Liebe Eltern, am heutigen Freitag, den 10.06.2022 ist ein ganz besonderer Tag f\u00fcr unsere Vorschulkinder, denn dieser geh\u00f6rt nur ihnen. F\u00fcr die Verabschiedung haben wir uns als Einrichtung etwas sch\u00f6nes \u00fcberlegt. Zu erst fahren wir gemeinsam mit allen Vorschulkindern und ihren Eltern in den Tier- und Naturpark Br\u00fcggen. Dort d\u00fcrfen die Vorschulkinder die Zeit mit [&hellip;]<\/p>\n","protected":false},"author":9,"featured_media":0,"comment_status":"closed","ping_status":"closed","sticky":false,"template":"","format":"standard","meta":{"_et_pb_use_builder":"","_et_pb_old_content":"","_et_gb_content_width":"","footnotes":""},"categories":[1],"tags":[],"_links":{"self":[{"href":"https:\/\/mumm-mg.de\/mumm-kids\/wp-json\/wp\/v2\/posts\/3016"}],"collection":[{"href":"https:\/\/mumm-mg.de\/mumm-kids\/wp-json\/wp\/v2\/posts"}],"about":[{"href":"https:\/\/mumm-mg.de\/mumm-kids\/wp-json\/wp\/v2\/types\/post"}],"author":[{"embeddable":true,"href":"https:\/\/mumm-mg.de\/mumm-kids\/wp-json\/wp\/v2\/users\/9"}],"replies":[{"embeddable":true,"href":"https:\/\/mumm-mg.de\/mumm-kids\/wp-json\/wp\/v2\/comments?post=3016"}],"version-history":[{"count":2,"href":"https:\/\/mumm-mg.de\/mumm-kids\/wp-json\/wp\/v2\/posts\/3016\/revisions"}],"predecessor-version":[{"id":3019,"href":"https:\/\/mumm-mg.de\/mumm-kids\/wp-json\/wp\/v2\/posts\/3016\/revisions\/3019"}],"wp:attachment":[{"href":"https:\/\/mumm-mg.de\/mumm-kids\/wp-json\/wp\/v2\/media?parent=3016"}],"wp:term":[{"taxonomy":"category","embeddable":true,"href":"https:\/\/mumm-mg.de\/mumm-kids\/wp-json\/wp\/v2\/categories?post=3016"},{"taxonomy":"post_tag","embeddable":true,"href":"https:\/\/mumm-mg.de\/mumm-kids\/wp-json\/wp\/v2\/tags?post=3016"}],"curies":[{"name":"wp","href":"https:\/\/api.w.org\/{rel}","templated":true}]}}