{"id":3026,"date":"2022-10-05T10:23:15","date_gmt":"2022-10-05T08:23:15","guid":{"rendered":"https:\/\/mumm-mg.de\/mumm-kids\/?p=3026"},"modified":"2023-02-22T10:33:16","modified_gmt":"2023-02-22T09:33:16","slug":"laternen-basteln-mit-den-eltern","status":"publish","type":"post","link":"https:\/\/mumm-mg.de\/mumm-kids\/2022\/10\/05\/laternen-basteln-mit-den-eltern\/","title":{"rendered":"Laternen Basteln mit den Eltern"},"content":{"rendered":"<p>Auch in diesem Jahr haben wir passend zum Herbststart im Atelier mit dem Laternen Basteln begonnen. Dieses Jahr haben wir mit den Kindern und den Eltern zusammen Ballonlaternen gebastelt. Die Kinder haben einen Ballon mit Transparentpapier bekleistert und anschlie\u00dfend mit ihren Eltern zusammen zu einem Hei\u00dfluftballon gestaltet&#8230;f\u00fcr eine Reise um die Welt. Die Hei\u00dfluftballonlaternen konnten dann auch noch nach Belieben gestaltet werden&#8230;.mit Kn\u00f6pfen, Federn, Glitzer, und vielem mehr.<\/p>\n<p>Die Kinder waren auf die fertigen Laternen sehr stolz, da sie so viel selbstst\u00e4ndig anfertigen und aussuchen konnten.<\/p>\n<p>&nbsp;<\/p>\n","protected":false},"excerpt":{"rendered":"<p>Auch in diesem Jahr haben wir passend zum Herbststart im Atelier mit dem Laternen Basteln begonnen. Dieses Jahr haben wir mit den Kindern und den Eltern zusammen Ballonlaternen gebastelt. Die Kinder haben einen Ballon mit Transparentpapier bekleistert und anschlie\u00dfend mit ihren Eltern zusammen zu einem Hei\u00dfluftballon gestaltet&#8230;f\u00fcr eine Reise um die Welt. Die Hei\u00dfluftballonlaternen konnten [&hellip;]<\/p>\n","protected":false},"author":9,"featured_media":0,"comment_status":"closed","ping_status":"closed","sticky":false,"template":"","format":"standard","meta":{"_et_pb_use_builder":"","_et_pb_old_content":"","_et_gb_content_width":"","footnotes":""},"categories":[1],"tags":[],"_links":{"self":[{"href":"https:\/\/mumm-mg.de\/mumm-kids\/wp-json\/wp\/v2\/posts\/3026"}],"collection":[{"href":"https:\/\/mumm-mg.de\/mumm-kids\/wp-json\/wp\/v2\/posts"}],"about":[{"href":"https:\/\/mumm-mg.de\/mumm-kids\/wp-json\/wp\/v2\/types\/post"}],"author":[{"embeddable":true,"href":"https:\/\/mumm-mg.de\/mumm-kids\/wp-json\/wp\/v2\/users\/9"}],"replies":[{"embeddable":true,"href":"https:\/\/mumm-mg.de\/mumm-kids\/wp-json\/wp\/v2\/comments?post=3026"}],"version-history":[{"count":1,"href":"https:\/\/mumm-mg.de\/mumm-kids\/wp-json\/wp\/v2\/posts\/3026\/revisions"}],"predecessor-version":[{"id":3027,"href":"https:\/\/mumm-mg.de\/mumm-kids\/wp-json\/wp\/v2\/posts\/3026\/revisions\/3027"}],"wp:attachment":[{"href":"https:\/\/mumm-mg.de\/mumm-kids\/wp-json\/wp\/v2\/media?parent=3026"}],"wp:term":[{"taxonomy":"category","embeddable":true,"href":"https:\/\/mumm-mg.de\/mumm-kids\/wp-json\/wp\/v2\/categories?post=3026"},{"taxonomy":"post_tag","embeddable":true,"href":"https:\/\/mumm-mg.de\/mumm-kids\/wp-json\/wp\/v2\/tags?post=3026"}],"curies":[{"name":"wp","href":"https:\/\/api.w.org\/{rel}","templated":true}]}}