{"id":3030,"date":"2022-11-02T10:44:18","date_gmt":"2022-11-02T09:44:18","guid":{"rendered":"https:\/\/mumm-mg.de\/mumm-kids\/?p=3030"},"modified":"2023-02-22T11:43:14","modified_gmt":"2023-02-22T10:43:14","slug":"weckmann-backen-mit-den-grosseltern","status":"publish","type":"post","link":"https:\/\/mumm-mg.de\/mumm-kids\/2022\/11\/02\/weckmann-backen-mit-den-grosseltern\/","title":{"rendered":"Weckmann backen mit den Gro\u00dfeltern"},"content":{"rendered":"<p>Liebe Gro\u00dfeltern, liebe Kinder,<\/p>\n<p>heute seid ihr Kinder alle ganz aufgeregt gewesen, denn heute kamen eure Omas und Opas zum gemeinsamen Weckmann backen in den Kindergarten. Ihr konntet eure Weckm\u00e4nner formen, mit Mandel und Rosinen dekorieren und anschlie\u00dfen, nach dem Backen, mit nach Hause nehmen oder sofort vernaschen.<\/p>\n<p>Damit ihr die Weckm\u00e4nner zu Hause nachbacken k\u00f6nnt, kommt hier einmal das Rezept welches wir verwendet haben.<\/p>\n<p>Zutaten f\u00fcr 3 gro\u00dfe Weckm\u00e4nner:<\/p>\n<ul>\n<li>2 kg Mehl<\/li>\n<li>2 W\u00fcrfel frische Hefe<\/li>\n<li>1 Liter Milch (lauwarm)<\/li>\n<li>500 g Butter (fl\u00fcssig)<\/li>\n<li>320 g Zucker<\/li>\n<li>2 Teel\u00f6ffel Zitronenschale<\/li>\n<li>4 Eier (Gr\u00f6\u00dfe XL)<\/li>\n<li>2 Prisen Salz<\/li>\n<li>4 Eigelb<\/li>\n<\/ul>\n<p>Und so wird\u00b4s gemacht:<\/p>\n<p>Die Hefe mit Milch verr\u00fchren. Mit Mehl, Butter, Zucker, Zitronenschale, Eier und Salz verkneten. Den Teig in der Sch\u00fcssel mit einem Handtuch zugedeckt an einem warmen Ort auf\u00b4s Doppelte aufgehen lassen. Und dann kann es mit dem Weckmann formen losgehen! Bevor die fertig geformten Weckm\u00e4nner in den Ofen k\u00f6nnen, werden sie mit Wasser und Eigelb bestrichen!<\/p>\n<p>Gebacken werden die Weckm\u00e4nner bei 180 Grad Umluft f\u00fcr ca. 15 Minuten.<\/p>\n<p>&nbsp;<\/p>\n<p>Wir w\u00fcnschen euch viel Spa\u00df beim Backen!<\/p>\n","protected":false},"excerpt":{"rendered":"<p>Liebe Gro\u00dfeltern, liebe Kinder, heute seid ihr Kinder alle ganz aufgeregt gewesen, denn heute kamen eure Omas und Opas zum gemeinsamen Weckmann backen in den Kindergarten. Ihr konntet eure Weckm\u00e4nner formen, mit Mandel und Rosinen dekorieren und anschlie\u00dfen, nach dem Backen, mit nach Hause nehmen oder sofort vernaschen. Damit ihr die Weckm\u00e4nner zu Hause nachbacken [&hellip;]<\/p>\n","protected":false},"author":9,"featured_media":0,"comment_status":"closed","ping_status":"closed","sticky":false,"template":"","format":"standard","meta":{"_et_pb_use_builder":"","_et_pb_old_content":"","_et_gb_content_width":"","footnotes":""},"categories":[1],"tags":[],"_links":{"self":[{"href":"https:\/\/mumm-mg.de\/mumm-kids\/wp-json\/wp\/v2\/posts\/3030"}],"collection":[{"href":"https:\/\/mumm-mg.de\/mumm-kids\/wp-json\/wp\/v2\/posts"}],"about":[{"href":"https:\/\/mumm-mg.de\/mumm-kids\/wp-json\/wp\/v2\/types\/post"}],"author":[{"embeddable":true,"href":"https:\/\/mumm-mg.de\/mumm-kids\/wp-json\/wp\/v2\/users\/9"}],"replies":[{"embeddable":true,"href":"https:\/\/mumm-mg.de\/mumm-kids\/wp-json\/wp\/v2\/comments?post=3030"}],"version-history":[{"count":1,"href":"https:\/\/mumm-mg.de\/mumm-kids\/wp-json\/wp\/v2\/posts\/3030\/revisions"}],"predecessor-version":[{"id":3031,"href":"https:\/\/mumm-mg.de\/mumm-kids\/wp-json\/wp\/v2\/posts\/3030\/revisions\/3031"}],"wp:attachment":[{"href":"https:\/\/mumm-mg.de\/mumm-kids\/wp-json\/wp\/v2\/media?parent=3030"}],"wp:term":[{"taxonomy":"category","embeddable":true,"href":"https:\/\/mumm-mg.de\/mumm-kids\/wp-json\/wp\/v2\/categories?post=3030"},{"taxonomy":"post_tag","embeddable":true,"href":"https:\/\/mumm-mg.de\/mumm-kids\/wp-json\/wp\/v2\/tags?post=3030"}],"curies":[{"name":"wp","href":"https:\/\/api.w.org\/{rel}","templated":true}]}}