{"id":3034,"date":"2022-11-15T12:56:26","date_gmt":"2022-11-15T11:56:26","guid":{"rendered":"https:\/\/mumm-mg.de\/mumm-kids\/?p=3034"},"modified":"2023-02-22T13:22:21","modified_gmt":"2023-02-22T12:22:21","slug":"sitzkonzert-syllja-die-magischen-musikstuecke","status":"publish","type":"post","link":"https:\/\/mumm-mg.de\/mumm-kids\/2022\/11\/15\/sitzkonzert-syllja-die-magischen-musikstuecke\/","title":{"rendered":"Sitzkonzert Syllja und magischen Musikst\u00fccke"},"content":{"rendered":"<p>Liebe Kinder,<\/p>\n<p>heute war ein ganz magischer Tag im Kindergarten. Die kleine Waldelfe Syllja kam zu Besuch. Sie hat auch ihre magsichen Fl\u00f6ten und ihre magischen Musikst\u00fccke f\u00fcr uns mitgebracht.<\/p>\n<p>Und dann begann auch schon ihre Geschichte&#8230;.Syllja erz\u00e4hlte uns von ihren Abenteuern, welche sie durch den verzauberten Wald f\u00fchrten und dabei spielte sie uns auf ihrer Fl\u00f6te die sch\u00f6nsten Musikst\u00fccke vor. Auf ihren Abenteuern sammelte Syllja immer mehr und mehr magische Musikst\u00fccke, mit deren Hilfe sie durch den verzauberten Wald reisen konnte. Auf ihrer Reise begegnete sie allen m\u00f6glichen Kreaturen und R\u00e4tseln und fand sogar neue Freunde.<\/p>\n<p>Wir hoffen euch konnte die Geschichte von Syllja genauso verzaubern, wie uns!<\/p>\n<p>&nbsp;<\/p>\n<p>&nbsp;<\/p>\n","protected":false},"excerpt":{"rendered":"<p>Liebe Kinder, heute war ein ganz magischer Tag im Kindergarten. Die kleine Waldelfe Syllja kam zu Besuch. Sie hat auch ihre magsichen Fl\u00f6ten und ihre magischen Musikst\u00fccke f\u00fcr uns mitgebracht. Und dann begann auch schon ihre Geschichte&#8230;.Syllja erz\u00e4hlte uns von ihren Abenteuern, welche sie durch den verzauberten Wald f\u00fchrten und dabei spielte sie uns auf [&hellip;]<\/p>\n","protected":false},"author":9,"featured_media":0,"comment_status":"closed","ping_status":"closed","sticky":false,"template":"","format":"standard","meta":{"_et_pb_use_builder":"","_et_pb_old_content":"","_et_gb_content_width":"","footnotes":""},"categories":[1],"tags":[],"_links":{"self":[{"href":"https:\/\/mumm-mg.de\/mumm-kids\/wp-json\/wp\/v2\/posts\/3034"}],"collection":[{"href":"https:\/\/mumm-mg.de\/mumm-kids\/wp-json\/wp\/v2\/posts"}],"about":[{"href":"https:\/\/mumm-mg.de\/mumm-kids\/wp-json\/wp\/v2\/types\/post"}],"author":[{"embeddable":true,"href":"https:\/\/mumm-mg.de\/mumm-kids\/wp-json\/wp\/v2\/users\/9"}],"replies":[{"embeddable":true,"href":"https:\/\/mumm-mg.de\/mumm-kids\/wp-json\/wp\/v2\/comments?post=3034"}],"version-history":[{"count":2,"href":"https:\/\/mumm-mg.de\/mumm-kids\/wp-json\/wp\/v2\/posts\/3034\/revisions"}],"predecessor-version":[{"id":3036,"href":"https:\/\/mumm-mg.de\/mumm-kids\/wp-json\/wp\/v2\/posts\/3034\/revisions\/3036"}],"wp:attachment":[{"href":"https:\/\/mumm-mg.de\/mumm-kids\/wp-json\/wp\/v2\/media?parent=3034"}],"wp:term":[{"taxonomy":"category","embeddable":true,"href":"https:\/\/mumm-mg.de\/mumm-kids\/wp-json\/wp\/v2\/categories?post=3034"},{"taxonomy":"post_tag","embeddable":true,"href":"https:\/\/mumm-mg.de\/mumm-kids\/wp-json\/wp\/v2\/tags?post=3034"}],"curies":[{"name":"wp","href":"https:\/\/api.w.org\/{rel}","templated":true}]}}