{"id":3039,"date":"2022-12-20T13:35:43","date_gmt":"2022-12-20T12:35:43","guid":{"rendered":"https:\/\/mumm-mg.de\/mumm-kids\/?p=3039"},"modified":"2023-02-22T14:24:02","modified_gmt":"2023-02-22T13:24:02","slug":"weihnachtsfeier-mit-den-eltern-2","status":"publish","type":"post","link":"https:\/\/mumm-mg.de\/mumm-kids\/2022\/12\/20\/weihnachtsfeier-mit-den-eltern-2\/","title":{"rendered":"Weihnachtsfeier mit den Eltern"},"content":{"rendered":"<p>Liebe Eltern, liebe Kinder<\/p>\n<p>endlich ist es wieder so weit, wir k\u00f6nnen eine Weihnachtsfeier feiern. Durch Corona konnten wir das leider eine lange Zeit nicht machen, aber dieses Jahr zum Gl\u00fcck endlich wieder!<\/p>\n<p>Wir haben die Kita weihnachtlich geschm\u00fcckt und uns f\u00fcr jeden Raum etwas sch\u00f6nes \u00fcberlegt. Im Bauraum gab es Kekse, Kuchen und Getr\u00e4nke f\u00fcr jeden Geschmack. Im Rollenspiel wurden Keksh\u00e4uschen aus Zuckerguss, bunten Streuseln, Gummib\u00e4rchen und Smarties gebastelt. Im Atelier wurde eine gro\u00dfe Leinwand bereitgestellt, an der alle zusammen ein riesen Kunstwerk erschaffen konnten.<\/p>\n<p>Nachdem alle jeden Raum ein wenig erkunden konnten, haben wir uns alle f\u00fcr unsere Auff\u00fchrung im Atelier zusammengefunden. Alle Erzieher und Kinder haben Weihnachtsm\u00fctzen angezogen und sich in die Mitte des Raumes gesetzt. Alle Eltern, Omas, Opas, Tanten, Onkel und Geschwister haben sich in einen gro\u00dfen Kreis drumherum gestellt und dann ging es los. Zuerst haben wir zusammen Weihnachtslieder gesungen. Anschlie\u00dfend haben wir mit unserer Auff\u00fchrung begonnen. Wir haben mit den Kindern &#8222;Ho ho ho, der Weihnachtsmann tanzt so&#8220; einstudiert und dies vorgef\u00fchrt.<\/p>\n<p>Nach der Auff\u00fchrung wurden die Geschenke f\u00fcr die Eltern verteilt, welche die Kinder zusammen mit den Erziehern gebastelt haben.<\/p>\n<p>&nbsp;<\/p>\n<p>Wir hoffen, dass alle die gemeinsame Weihnachtsfeier genauso genie\u00dfen konnten, wie wir!<\/p>\n<p>Ho ho ho, euer Mumm Kids Team<\/p>\n","protected":false},"excerpt":{"rendered":"<p>Liebe Eltern, liebe Kinder endlich ist es wieder so weit, wir k\u00f6nnen eine Weihnachtsfeier feiern. Durch Corona konnten wir das leider eine lange Zeit nicht machen, aber dieses Jahr zum Gl\u00fcck endlich wieder! Wir haben die Kita weihnachtlich geschm\u00fcckt und uns f\u00fcr jeden Raum etwas sch\u00f6nes \u00fcberlegt. Im Bauraum gab es Kekse, Kuchen und Getr\u00e4nke [&hellip;]<\/p>\n","protected":false},"author":9,"featured_media":0,"comment_status":"closed","ping_status":"closed","sticky":false,"template":"","format":"standard","meta":{"_et_pb_use_builder":"","_et_pb_old_content":"","_et_gb_content_width":"","footnotes":""},"categories":[1],"tags":[],"_links":{"self":[{"href":"https:\/\/mumm-mg.de\/mumm-kids\/wp-json\/wp\/v2\/posts\/3039"}],"collection":[{"href":"https:\/\/mumm-mg.de\/mumm-kids\/wp-json\/wp\/v2\/posts"}],"about":[{"href":"https:\/\/mumm-mg.de\/mumm-kids\/wp-json\/wp\/v2\/types\/post"}],"author":[{"embeddable":true,"href":"https:\/\/mumm-mg.de\/mumm-kids\/wp-json\/wp\/v2\/users\/9"}],"replies":[{"embeddable":true,"href":"https:\/\/mumm-mg.de\/mumm-kids\/wp-json\/wp\/v2\/comments?post=3039"}],"version-history":[{"count":1,"href":"https:\/\/mumm-mg.de\/mumm-kids\/wp-json\/wp\/v2\/posts\/3039\/revisions"}],"predecessor-version":[{"id":3040,"href":"https:\/\/mumm-mg.de\/mumm-kids\/wp-json\/wp\/v2\/posts\/3039\/revisions\/3040"}],"wp:attachment":[{"href":"https:\/\/mumm-mg.de\/mumm-kids\/wp-json\/wp\/v2\/media?parent=3039"}],"wp:term":[{"taxonomy":"category","embeddable":true,"href":"https:\/\/mumm-mg.de\/mumm-kids\/wp-json\/wp\/v2\/categories?post=3039"},{"taxonomy":"post_tag","embeddable":true,"href":"https:\/\/mumm-mg.de\/mumm-kids\/wp-json\/wp\/v2\/tags?post=3039"}],"curies":[{"name":"wp","href":"https:\/\/api.w.org\/{rel}","templated":true}]}}