{"id":3045,"date":"2023-02-17T14:29:16","date_gmt":"2023-02-17T13:29:16","guid":{"rendered":"https:\/\/mumm-mg.de\/mumm-kids\/?p=3045"},"modified":"2023-02-22T14:53:49","modified_gmt":"2023-02-22T13:53:49","slug":"eine-reise-um-die-welt-karneval-2023","status":"publish","type":"post","link":"https:\/\/mumm-mg.de\/mumm-kids\/2023\/02\/17\/eine-reise-um-die-welt-karneval-2023\/","title":{"rendered":"Eine Reise um die Welt&#8230;.Karneval 2023"},"content":{"rendered":"<p>Es ist Februar und Karneval n\u00e4hert sich mit rasanten Schritten.<\/p>\n<p>Wie jedes Jahr haben wir uns mit den Kindern zusammen ein Motto f\u00fcr unsere Karnevalsparty \u00fcberlegt.<\/p>\n<p>Wie Ihnen ihre Kinder sicher schon erz\u00e4hlt haben, ist einiges in unseren Funktionsr\u00e4umen passiert. Die Fenster wurden mit Kontinenten, Sehensw\u00fcrdigkeiten und Menschen aus aller Welt bemalt. Von den Decken h\u00e4ngen die Flaggen aller Nationalit\u00e4ten, welche bei uns in der Einrichtung vertreten sind. Zudem Flugzeuge, Boote, Weltkugeln und Koffer&#8230;.alles was zu einer Reise um die Welt passt.<\/p>\n<p>F\u00fcr die Karnevalsparty haben wir uns auch etwas f\u00fcr jeden Raum \u00fcberlegt. Im Bauraum gab es ein riesen B\u00fcffet mit lauter Leckereien und Getr\u00e4nken. Im Rollenspiel wurden zwei Spiele aufgebaut, einmal Topf-Schlagen und Eierlauf. Im Atelier wurden Masken gebastelt und es wurde eine kleine Entspannungsecke eingerichtet, falls es dem ein oder anderen Kind doch mal zu wild wird. In der Turnhalle wurde eine Disco eingerichtet, damit eine richtige Party starten konnte!<\/p>\n<p>Auf eine ausgelassene Karnevalsfeier&#8230;in diesem Sinne Helau!!!<\/p>\n","protected":false},"excerpt":{"rendered":"<p>Es ist Februar und Karneval n\u00e4hert sich mit rasanten Schritten. Wie jedes Jahr haben wir uns mit den Kindern zusammen ein Motto f\u00fcr unsere Karnevalsparty \u00fcberlegt. Wie Ihnen ihre Kinder sicher schon erz\u00e4hlt haben, ist einiges in unseren Funktionsr\u00e4umen passiert. Die Fenster wurden mit Kontinenten, Sehensw\u00fcrdigkeiten und Menschen aus aller Welt bemalt. Von den Decken [&hellip;]<\/p>\n","protected":false},"author":9,"featured_media":0,"comment_status":"closed","ping_status":"closed","sticky":false,"template":"","format":"standard","meta":{"_et_pb_use_builder":"","_et_pb_old_content":"","_et_gb_content_width":"","footnotes":""},"categories":[1],"tags":[],"_links":{"self":[{"href":"https:\/\/mumm-mg.de\/mumm-kids\/wp-json\/wp\/v2\/posts\/3045"}],"collection":[{"href":"https:\/\/mumm-mg.de\/mumm-kids\/wp-json\/wp\/v2\/posts"}],"about":[{"href":"https:\/\/mumm-mg.de\/mumm-kids\/wp-json\/wp\/v2\/types\/post"}],"author":[{"embeddable":true,"href":"https:\/\/mumm-mg.de\/mumm-kids\/wp-json\/wp\/v2\/users\/9"}],"replies":[{"embeddable":true,"href":"https:\/\/mumm-mg.de\/mumm-kids\/wp-json\/wp\/v2\/comments?post=3045"}],"version-history":[{"count":1,"href":"https:\/\/mumm-mg.de\/mumm-kids\/wp-json\/wp\/v2\/posts\/3045\/revisions"}],"predecessor-version":[{"id":3046,"href":"https:\/\/mumm-mg.de\/mumm-kids\/wp-json\/wp\/v2\/posts\/3045\/revisions\/3046"}],"wp:attachment":[{"href":"https:\/\/mumm-mg.de\/mumm-kids\/wp-json\/wp\/v2\/media?parent=3045"}],"wp:term":[{"taxonomy":"category","embeddable":true,"href":"https:\/\/mumm-mg.de\/mumm-kids\/wp-json\/wp\/v2\/categories?post=3045"},{"taxonomy":"post_tag","embeddable":true,"href":"https:\/\/mumm-mg.de\/mumm-kids\/wp-json\/wp\/v2\/tags?post=3045"}],"curies":[{"name":"wp","href":"https:\/\/api.w.org\/{rel}","templated":true}]}}