{"id":3115,"date":"2023-07-08T11:42:25","date_gmt":"2023-07-08T09:42:25","guid":{"rendered":"https:\/\/mumm-mg.de\/mumm-kids\/?p=3115"},"modified":"2024-07-08T12:35:50","modified_gmt":"2024-07-08T10:35:50","slug":"vorschuluebernachtung-in-der-kita-2","status":"publish","type":"post","link":"https:\/\/mumm-mg.de\/mumm-kids\/2023\/07\/08\/vorschuluebernachtung-in-der-kita-2\/","title":{"rendered":"Vorschul\u00fcbernachtung in der Kita"},"content":{"rendered":"<div class=\"entry-content\">\n<p>Liebe Eltern,<\/p>\n<p>heute ist f\u00fcr alle ein aufregender Tag. Die Vorschulkinder d\u00fcrfen heute im Kindergarten \u00fcbernachten! Alle Kinder haben daf\u00fcr einen Schlafsack, ein Kuscheltier, ihren Schlafanzug und eine Taschenlampe mitgebracht.<\/p>\n<p>Aber bevor wir uns ans \u00dcbernachten machen konnten, gab es erstmal ein wenig Programm f\u00fcr alle. Zuerst gab es bei uns im Au\u00dfengel\u00e4nde eine kleine Party mit Musik, Knabbereien und Getr\u00e4nken. Anschlie\u00dfend haben wir uns alle im Atrium zusammengefunden und es gab eine kleine Rede von den Erziehern an die Vorschulkinder und die Eltern. Danach hat jeder Bezugserzieher seine Bezugskinder zu sich kommen lassen und die Portfolios \u00fcbergeben. Das war sowohl f\u00fcr die Erzieher, als auch f\u00fcr die Eltern ein sehr emotionaler Moment. Nach der gemeinsamen Zeit der Erinnerung, durften die Kinder ihre Eltern dann rausschmei\u00dfen und dann hie\u00df es &#8222;Die Kita geh\u00f6rt den Vorschulkindern&#8220;!<\/p>\n<p>Am Morgen gab es noch ein gemeinsames Fr\u00fchst\u00fcck bevor alle Kinder wieder von ihren Eltern abgeholt wurden.<\/p>\n<p>&nbsp;<\/p>\n<p>Wir k\u00f6nnen f\u00fcr alle sprechen, wenn wir sagen, dass wir einen sch\u00f6nen gemeinsamen Tag und vor allem eine sch\u00f6ne gemeinsame Nacht hatten!<\/p>\n<p>&nbsp;<\/p>\n<p>Euer Mumm Kids Team<\/p>\n<\/div>\n","protected":false},"excerpt":{"rendered":"<p>Liebe Eltern, heute ist f\u00fcr alle ein aufregender Tag. Die Vorschulkinder d\u00fcrfen heute im Kindergarten \u00fcbernachten! Alle Kinder haben daf\u00fcr einen Schlafsack, ein Kuscheltier, ihren Schlafanzug und eine Taschenlampe mitgebracht. Aber bevor wir uns ans \u00dcbernachten machen konnten, gab es erstmal ein wenig Programm f\u00fcr alle. Zuerst gab es bei uns im Au\u00dfengel\u00e4nde eine kleine [&hellip;]<\/p>\n","protected":false},"author":9,"featured_media":0,"comment_status":"closed","ping_status":"closed","sticky":false,"template":"","format":"standard","meta":{"_et_pb_use_builder":"","_et_pb_old_content":"","_et_gb_content_width":"","footnotes":""},"categories":[1],"tags":[],"_links":{"self":[{"href":"https:\/\/mumm-mg.de\/mumm-kids\/wp-json\/wp\/v2\/posts\/3115"}],"collection":[{"href":"https:\/\/mumm-mg.de\/mumm-kids\/wp-json\/wp\/v2\/posts"}],"about":[{"href":"https:\/\/mumm-mg.de\/mumm-kids\/wp-json\/wp\/v2\/types\/post"}],"author":[{"embeddable":true,"href":"https:\/\/mumm-mg.de\/mumm-kids\/wp-json\/wp\/v2\/users\/9"}],"replies":[{"embeddable":true,"href":"https:\/\/mumm-mg.de\/mumm-kids\/wp-json\/wp\/v2\/comments?post=3115"}],"version-history":[{"count":2,"href":"https:\/\/mumm-mg.de\/mumm-kids\/wp-json\/wp\/v2\/posts\/3115\/revisions"}],"predecessor-version":[{"id":3117,"href":"https:\/\/mumm-mg.de\/mumm-kids\/wp-json\/wp\/v2\/posts\/3115\/revisions\/3117"}],"wp:attachment":[{"href":"https:\/\/mumm-mg.de\/mumm-kids\/wp-json\/wp\/v2\/media?parent=3115"}],"wp:term":[{"taxonomy":"category","embeddable":true,"href":"https:\/\/mumm-mg.de\/mumm-kids\/wp-json\/wp\/v2\/categories?post=3115"},{"taxonomy":"post_tag","embeddable":true,"href":"https:\/\/mumm-mg.de\/mumm-kids\/wp-json\/wp\/v2\/tags?post=3115"}],"curies":[{"name":"wp","href":"https:\/\/api.w.org\/{rel}","templated":true}]}}