{"id":3131,"date":"2024-02-01T13:53:38","date_gmt":"2024-02-01T12:53:38","guid":{"rendered":"https:\/\/mumm-mg.de\/mumm-kids\/?p=3131"},"modified":"2024-07-08T14:02:54","modified_gmt":"2024-07-08T12:02:54","slug":"steinzeit-karneval","status":"publish","type":"post","link":"https:\/\/mumm-mg.de\/mumm-kids\/2024\/02\/01\/steinzeit-karneval\/","title":{"rendered":"Steinzeit-Karneval"},"content":{"rendered":"<div class=\"entry-content\">\n<p>Es ist Februar und Karneval n\u00e4hert sich mit rasanten Schritten.<\/p>\n<p>Wie jedes Jahr haben wir uns mit den Kindern zusammen ein Motto f\u00fcr unsere Karnevalsparty \u00fcberlegt.<\/p>\n<p>Dieses Jahr wollen wir unsere Karnevalsfeier nach unserem Jahresthema &#8222;Zeitalter&#8220; gestalten. Zu St. Martin hatten wir die Dinosaurier behandelt und f\u00fcr Karneval nehmen wir uns die Steinzeit vor.<\/p>\n<p>Wie Ihnen ihre Kinder sicher schon erz\u00e4hlt haben, ist einiges in unseren Funktionsr\u00e4umen passiert. Die Fenster wurden mit Steinzeitmenschen und H\u00f6hlen und H\u00f6hlenmalereien bemalt. Im Rollenspiel sind Mammuts eingezogen und in der gesamten Kita ist Steinzeitstimmung ausgebrochen.<\/p>\n<p>Wir freuen uns schon auf die kreativen Kost\u00fcme der Kinder und auf eine ausgelassene Karnevalsfeier!<\/p>\n<\/div>\n","protected":false},"excerpt":{"rendered":"<p>Es ist Februar und Karneval n\u00e4hert sich mit rasanten Schritten. Wie jedes Jahr haben wir uns mit den Kindern zusammen ein Motto f\u00fcr unsere Karnevalsparty \u00fcberlegt. Dieses Jahr wollen wir unsere Karnevalsfeier nach unserem Jahresthema &#8222;Zeitalter&#8220; gestalten. Zu St. Martin hatten wir die Dinosaurier behandelt und f\u00fcr Karneval nehmen wir uns die Steinzeit vor. Wie [&hellip;]<\/p>\n","protected":false},"author":9,"featured_media":0,"comment_status":"closed","ping_status":"closed","sticky":false,"template":"","format":"standard","meta":{"_et_pb_use_builder":"","_et_pb_old_content":"","_et_gb_content_width":"","footnotes":""},"categories":[1],"tags":[],"_links":{"self":[{"href":"https:\/\/mumm-mg.de\/mumm-kids\/wp-json\/wp\/v2\/posts\/3131"}],"collection":[{"href":"https:\/\/mumm-mg.de\/mumm-kids\/wp-json\/wp\/v2\/posts"}],"about":[{"href":"https:\/\/mumm-mg.de\/mumm-kids\/wp-json\/wp\/v2\/types\/post"}],"author":[{"embeddable":true,"href":"https:\/\/mumm-mg.de\/mumm-kids\/wp-json\/wp\/v2\/users\/9"}],"replies":[{"embeddable":true,"href":"https:\/\/mumm-mg.de\/mumm-kids\/wp-json\/wp\/v2\/comments?post=3131"}],"version-history":[{"count":1,"href":"https:\/\/mumm-mg.de\/mumm-kids\/wp-json\/wp\/v2\/posts\/3131\/revisions"}],"predecessor-version":[{"id":3132,"href":"https:\/\/mumm-mg.de\/mumm-kids\/wp-json\/wp\/v2\/posts\/3131\/revisions\/3132"}],"wp:attachment":[{"href":"https:\/\/mumm-mg.de\/mumm-kids\/wp-json\/wp\/v2\/media?parent=3131"}],"wp:term":[{"taxonomy":"category","embeddable":true,"href":"https:\/\/mumm-mg.de\/mumm-kids\/wp-json\/wp\/v2\/categories?post=3131"},{"taxonomy":"post_tag","embeddable":true,"href":"https:\/\/mumm-mg.de\/mumm-kids\/wp-json\/wp\/v2\/tags?post=3131"}],"curies":[{"name":"wp","href":"https:\/\/api.w.org\/{rel}","templated":true}]}}