{"id":3135,"date":"2024-03-28T14:18:42","date_gmt":"2024-03-28T13:18:42","guid":{"rendered":"https:\/\/mumm-mg.de\/mumm-kids\/?p=3135"},"modified":"2024-07-08T14:20:06","modified_gmt":"2024-07-08T12:20:06","slug":"ostern-2024","status":"publish","type":"post","link":"https:\/\/mumm-mg.de\/mumm-kids\/2024\/03\/28\/ostern-2024\/","title":{"rendered":"Ostern 2024"},"content":{"rendered":"<p>Liebe Eltern,<\/p>\n<p>auch in diesem Jahr haben wir Ostern in Form eines Osterfr\u00fchst\u00fccks mit den Kindern gefeiert. Dieses Jahr haben wir in Bezugserziehergruppen gefeiert. Jeder Raum wurde liebevoll mit Ostereiern und Osterdeko geschm\u00fcckt und eingedeckt. Und nat\u00fcrlich gab es dieses Jahr wieder ein Osterk\u00f6rbchen f\u00fcr jedes Kind. Dieses war mit leckeren K\u00f6stlichkeiten und bunt gef\u00e4rbten Ostereiern gef\u00fcllt.<\/p>\n<p>Und das gro\u00dfe Highlight f\u00fcr die Kinder\u2026.der Osterhase war bei uns! Er hat flei\u00dfig Ostereier gef\u00e4rbt und f\u00fcr jedes Kind welche auf unserem Au\u00dfengel\u00e4nde versteckt. Die Ostereiersuche hat allen einen riesen Spa\u00df bereitet.<\/p>\n<p>Wir k\u00f6nnen f\u00fcr alle Kinder und Erzieher sprechen, wenn wir sagen, dass wir alle einen wunderbaren Tag und ganz viel Spa\u00df hatten!<\/p>\n","protected":false},"excerpt":{"rendered":"<p>Liebe Eltern, auch in diesem Jahr haben wir Ostern in Form eines Osterfr\u00fchst\u00fccks mit den Kindern gefeiert. Dieses Jahr haben wir in Bezugserziehergruppen gefeiert. Jeder Raum wurde liebevoll mit Ostereiern und Osterdeko geschm\u00fcckt und eingedeckt. Und nat\u00fcrlich gab es dieses Jahr wieder ein Osterk\u00f6rbchen f\u00fcr jedes Kind. Dieses war mit leckeren K\u00f6stlichkeiten und bunt gef\u00e4rbten [&hellip;]<\/p>\n","protected":false},"author":9,"featured_media":0,"comment_status":"closed","ping_status":"closed","sticky":false,"template":"","format":"standard","meta":{"_et_pb_use_builder":"","_et_pb_old_content":"","_et_gb_content_width":"","footnotes":""},"categories":[1],"tags":[],"_links":{"self":[{"href":"https:\/\/mumm-mg.de\/mumm-kids\/wp-json\/wp\/v2\/posts\/3135"}],"collection":[{"href":"https:\/\/mumm-mg.de\/mumm-kids\/wp-json\/wp\/v2\/posts"}],"about":[{"href":"https:\/\/mumm-mg.de\/mumm-kids\/wp-json\/wp\/v2\/types\/post"}],"author":[{"embeddable":true,"href":"https:\/\/mumm-mg.de\/mumm-kids\/wp-json\/wp\/v2\/users\/9"}],"replies":[{"embeddable":true,"href":"https:\/\/mumm-mg.de\/mumm-kids\/wp-json\/wp\/v2\/comments?post=3135"}],"version-history":[{"count":2,"href":"https:\/\/mumm-mg.de\/mumm-kids\/wp-json\/wp\/v2\/posts\/3135\/revisions"}],"predecessor-version":[{"id":3137,"href":"https:\/\/mumm-mg.de\/mumm-kids\/wp-json\/wp\/v2\/posts\/3135\/revisions\/3137"}],"wp:attachment":[{"href":"https:\/\/mumm-mg.de\/mumm-kids\/wp-json\/wp\/v2\/media?parent=3135"}],"wp:term":[{"taxonomy":"category","embeddable":true,"href":"https:\/\/mumm-mg.de\/mumm-kids\/wp-json\/wp\/v2\/categories?post=3135"},{"taxonomy":"post_tag","embeddable":true,"href":"https:\/\/mumm-mg.de\/mumm-kids\/wp-json\/wp\/v2\/tags?post=3135"}],"curies":[{"name":"wp","href":"https:\/\/api.w.org\/{rel}","templated":true}]}}