{"id":3145,"date":"2024-06-28T15:00:43","date_gmt":"2024-06-28T13:00:43","guid":{"rendered":"https:\/\/mumm-mg.de\/mumm-kids\/?p=3145"},"modified":"2024-07-08T15:04:06","modified_gmt":"2024-07-08T13:04:06","slug":"vorschulabschiedsfahrt-irrland","status":"publish","type":"post","link":"https:\/\/mumm-mg.de\/mumm-kids\/2024\/06\/28\/vorschulabschiedsfahrt-irrland\/","title":{"rendered":"Vorschulabschiedsfahrt Irrland"},"content":{"rendered":"<p>Liebe Eltern,<\/p>\n<p>am heutigen Freitag ist ein ganz besonderer Tag f\u00fcr unsere Vorschulkinder, denn dieser geh\u00f6rt nur ihnen.<\/p>\n<p>F\u00fcr die Verabschiedung haben wir uns als Einrichtung etwas sch\u00f6nes \u00fcberlegt. Zu erst fahren wir gemeinsam mit allen Vorschulkindern und ihren Eltern in den Freizeitpark Irrland nach Kevelaer . Dort d\u00fcrfen die Vorschulkinder die Zeit mit ihren Eltern, Freunden und Bezugserziehern nutzen und den gesamten Freizeitpark und all seine Besonderheiten erkunden. Anschlie\u00dfend haben wir uns alle wieder zusammengefunden und gemeinsam gegrillt. Beim gemeinsamen Essen wurde ausgiebig in Erinnerungen geschwelgt und viel gelacht und sogar die ein oder andere Tr\u00e4ne verdr\u00fcckt.<\/p>\n<p>Wir bedanken uns f\u00fcr den sch\u00f6nen Tag!<\/p>\n","protected":false},"excerpt":{"rendered":"<p>Liebe Eltern, am heutigen Freitag ist ein ganz besonderer Tag f\u00fcr unsere Vorschulkinder, denn dieser geh\u00f6rt nur ihnen. F\u00fcr die Verabschiedung haben wir uns als Einrichtung etwas sch\u00f6nes \u00fcberlegt. Zu erst fahren wir gemeinsam mit allen Vorschulkindern und ihren Eltern in den Freizeitpark Irrland nach Kevelaer . Dort d\u00fcrfen die Vorschulkinder die Zeit mit ihren [&hellip;]<\/p>\n","protected":false},"author":9,"featured_media":0,"comment_status":"closed","ping_status":"closed","sticky":false,"template":"","format":"standard","meta":{"_et_pb_use_builder":"","_et_pb_old_content":"","_et_gb_content_width":"","footnotes":""},"categories":[1],"tags":[],"_links":{"self":[{"href":"https:\/\/mumm-mg.de\/mumm-kids\/wp-json\/wp\/v2\/posts\/3145"}],"collection":[{"href":"https:\/\/mumm-mg.de\/mumm-kids\/wp-json\/wp\/v2\/posts"}],"about":[{"href":"https:\/\/mumm-mg.de\/mumm-kids\/wp-json\/wp\/v2\/types\/post"}],"author":[{"embeddable":true,"href":"https:\/\/mumm-mg.de\/mumm-kids\/wp-json\/wp\/v2\/users\/9"}],"replies":[{"embeddable":true,"href":"https:\/\/mumm-mg.de\/mumm-kids\/wp-json\/wp\/v2\/comments?post=3145"}],"version-history":[{"count":1,"href":"https:\/\/mumm-mg.de\/mumm-kids\/wp-json\/wp\/v2\/posts\/3145\/revisions"}],"predecessor-version":[{"id":3146,"href":"https:\/\/mumm-mg.de\/mumm-kids\/wp-json\/wp\/v2\/posts\/3145\/revisions\/3146"}],"wp:attachment":[{"href":"https:\/\/mumm-mg.de\/mumm-kids\/wp-json\/wp\/v2\/media?parent=3145"}],"wp:term":[{"taxonomy":"category","embeddable":true,"href":"https:\/\/mumm-mg.de\/mumm-kids\/wp-json\/wp\/v2\/categories?post=3145"},{"taxonomy":"post_tag","embeddable":true,"href":"https:\/\/mumm-mg.de\/mumm-kids\/wp-json\/wp\/v2\/tags?post=3145"}],"curies":[{"name":"wp","href":"https:\/\/api.w.org\/{rel}","templated":true}]}}