{"id":3147,"date":"2024-07-05T15:04:47","date_gmt":"2024-07-05T13:04:47","guid":{"rendered":"https:\/\/mumm-mg.de\/mumm-kids\/?p=3147"},"modified":"2024-07-08T15:09:40","modified_gmt":"2024-07-08T13:09:40","slug":"vorschuluebernachtung-in-der-kita-3","status":"publish","type":"post","link":"https:\/\/mumm-mg.de\/mumm-kids\/2024\/07\/05\/vorschuluebernachtung-in-der-kita-3\/","title":{"rendered":"Vorschul\u00fcbernachtung in der Kita"},"content":{"rendered":"<p>Liebe Eltern,<\/p>\n<p>heute ist f\u00fcr alle ein aufregender Tag. Die Vorschulkinder d\u00fcrfen heute im Kindergarten \u00fcbernachten! Alle Kinder haben daf\u00fcr einen Schlafsack, ein Kuscheltier, ihren Schlafanzug und eine Taschenlampe mitgebracht.<\/p>\n<p>Aber bevor wir uns ans \u00dcbernachten machen konnten, gab es erstmal ein wenig Programm f\u00fcr alle. Zuerst gab es im Bauraum eine kleine Vorf\u00fchrung von den Vorschulkindern f\u00fcr ihre Eltern mit Sockenhandpuppen. Danach hat jeder Bezugserzieher seine Bezugskinder zu sich kommen lassen und die Portfolios \u00fcbergeben. Das war sowohl f\u00fcr die Erzieher, als auch f\u00fcr die Eltern ein sehr emotionaler Moment. Nach der gemeinsamen Zeit der Erinnerung, durften die Kinder ihre Eltern dann rausschmei\u00dfen und dann hie\u00df es \u201eDie Kita geh\u00f6rt den Vorschulkindern\u201c!<\/p>\n<p>Am Morgen gab es noch ein gemeinsames Fr\u00fchst\u00fcck bevor alle Kinder wieder von ihren Eltern abgeholt wurden.<\/p>\n<p>&nbsp;<\/p>\n<p>Wir k\u00f6nnen f\u00fcr alle sprechen, wenn wir sagen, dass wir einen sch\u00f6nen gemeinsamen Tag und vor allem eine sch\u00f6ne gemeinsame Nacht hatten!<\/p>\n<p>&nbsp;<\/p>\n","protected":false},"excerpt":{"rendered":"<p>Liebe Eltern, heute ist f\u00fcr alle ein aufregender Tag. Die Vorschulkinder d\u00fcrfen heute im Kindergarten \u00fcbernachten! Alle Kinder haben daf\u00fcr einen Schlafsack, ein Kuscheltier, ihren Schlafanzug und eine Taschenlampe mitgebracht. Aber bevor wir uns ans \u00dcbernachten machen konnten, gab es erstmal ein wenig Programm f\u00fcr alle. Zuerst gab es im Bauraum eine kleine Vorf\u00fchrung von [&hellip;]<\/p>\n","protected":false},"author":9,"featured_media":0,"comment_status":"closed","ping_status":"closed","sticky":false,"template":"","format":"standard","meta":{"_et_pb_use_builder":"","_et_pb_old_content":"","_et_gb_content_width":"","footnotes":""},"categories":[1],"tags":[],"_links":{"self":[{"href":"https:\/\/mumm-mg.de\/mumm-kids\/wp-json\/wp\/v2\/posts\/3147"}],"collection":[{"href":"https:\/\/mumm-mg.de\/mumm-kids\/wp-json\/wp\/v2\/posts"}],"about":[{"href":"https:\/\/mumm-mg.de\/mumm-kids\/wp-json\/wp\/v2\/types\/post"}],"author":[{"embeddable":true,"href":"https:\/\/mumm-mg.de\/mumm-kids\/wp-json\/wp\/v2\/users\/9"}],"replies":[{"embeddable":true,"href":"https:\/\/mumm-mg.de\/mumm-kids\/wp-json\/wp\/v2\/comments?post=3147"}],"version-history":[{"count":1,"href":"https:\/\/mumm-mg.de\/mumm-kids\/wp-json\/wp\/v2\/posts\/3147\/revisions"}],"predecessor-version":[{"id":3148,"href":"https:\/\/mumm-mg.de\/mumm-kids\/wp-json\/wp\/v2\/posts\/3147\/revisions\/3148"}],"wp:attachment":[{"href":"https:\/\/mumm-mg.de\/mumm-kids\/wp-json\/wp\/v2\/media?parent=3147"}],"wp:term":[{"taxonomy":"category","embeddable":true,"href":"https:\/\/mumm-mg.de\/mumm-kids\/wp-json\/wp\/v2\/categories?post=3147"},{"taxonomy":"post_tag","embeddable":true,"href":"https:\/\/mumm-mg.de\/mumm-kids\/wp-json\/wp\/v2\/tags?post=3147"}],"curies":[{"name":"wp","href":"https:\/\/api.w.org\/{rel}","templated":true}]}}