{"id":3170,"date":"2024-07-09T09:28:32","date_gmt":"2024-07-09T07:28:32","guid":{"rendered":"https:\/\/mumm-mg.de\/mumm-kids\/?p=3170"},"modified":"2024-07-09T09:39:37","modified_gmt":"2024-07-09T07:39:37","slug":"interkulturelles-kochen","status":"publish","type":"post","link":"https:\/\/mumm-mg.de\/mumm-kids\/2024\/07\/09\/interkulturelles-kochen\/","title":{"rendered":"Interkulturelles Kochen"},"content":{"rendered":"<p>Liebe Eltern,<\/p>\n<p>wir haben uns ein neues Angebot f\u00fcr Sie \u00fcberlegt. Wir m\u00f6chten mit Ihnen zusammen auf eine kulinarische Reise durch verschiedene Kulturen gehen.<\/p>\n<p>Daf\u00fcr haben wir drei Einheiten geplant, in welchen wir typische Spezialit\u00e4ten aus verschiedenen L\u00e4ndern mit Ihnen gemeinsam zubereiten und anschlie\u00dfend essen m\u00f6chten. Die Einheiten finden an folgenden Tagen statt:<\/p>\n<ul>\n<li>Dienstag, den 11.06.2024 von 14:00 bis 16:30 Uhr<\/li>\n<li>Dienstag, den 25.06.2024 von 14:00 bis 16:30 Uhr<\/li>\n<li>Dienstag, den 02.07.2024 von 14:00 bis 16:30 Uhr<\/li>\n<\/ul>\n<p>Wir freuen uns auf Sie! Gerne k\u00f6nnen Sie Verwandte und\/oder Freunde von Ihnen mitbringen.<\/p>\n","protected":false},"excerpt":{"rendered":"<p>Liebe Eltern, wir haben uns ein neues Angebot f\u00fcr Sie \u00fcberlegt. Wir m\u00f6chten mit Ihnen zusammen auf eine kulinarische Reise durch verschiedene Kulturen gehen. Daf\u00fcr haben wir drei Einheiten geplant, in welchen wir typische Spezialit\u00e4ten aus verschiedenen L\u00e4ndern mit Ihnen gemeinsam zubereiten und anschlie\u00dfend essen m\u00f6chten. Die Einheiten finden an folgenden Tagen statt: Dienstag, den [&hellip;]<\/p>\n","protected":false},"author":9,"featured_media":0,"comment_status":"closed","ping_status":"closed","sticky":false,"template":"","format":"standard","meta":{"_et_pb_use_builder":"","_et_pb_old_content":"","_et_gb_content_width":"","footnotes":""},"categories":[13],"tags":[],"_links":{"self":[{"href":"https:\/\/mumm-mg.de\/mumm-kids\/wp-json\/wp\/v2\/posts\/3170"}],"collection":[{"href":"https:\/\/mumm-mg.de\/mumm-kids\/wp-json\/wp\/v2\/posts"}],"about":[{"href":"https:\/\/mumm-mg.de\/mumm-kids\/wp-json\/wp\/v2\/types\/post"}],"author":[{"embeddable":true,"href":"https:\/\/mumm-mg.de\/mumm-kids\/wp-json\/wp\/v2\/users\/9"}],"replies":[{"embeddable":true,"href":"https:\/\/mumm-mg.de\/mumm-kids\/wp-json\/wp\/v2\/comments?post=3170"}],"version-history":[{"count":1,"href":"https:\/\/mumm-mg.de\/mumm-kids\/wp-json\/wp\/v2\/posts\/3170\/revisions"}],"predecessor-version":[{"id":3171,"href":"https:\/\/mumm-mg.de\/mumm-kids\/wp-json\/wp\/v2\/posts\/3170\/revisions\/3171"}],"wp:attachment":[{"href":"https:\/\/mumm-mg.de\/mumm-kids\/wp-json\/wp\/v2\/media?parent=3170"}],"wp:term":[{"taxonomy":"category","embeddable":true,"href":"https:\/\/mumm-mg.de\/mumm-kids\/wp-json\/wp\/v2\/categories?post=3170"},{"taxonomy":"post_tag","embeddable":true,"href":"https:\/\/mumm-mg.de\/mumm-kids\/wp-json\/wp\/v2\/tags?post=3170"}],"curies":[{"name":"wp","href":"https:\/\/api.w.org\/{rel}","templated":true}]}}