{"id":2471,"date":"2022-01-11T15:32:19","date_gmt":"2022-01-11T14:32:19","guid":{"rendered":"https:\/\/mumm-mg.de\/mummbambinis\/?p=2471"},"modified":"2022-01-11T15:38:39","modified_gmt":"2022-01-11T14:38:39","slug":"anna-und-elsa-sind-bei-uns-eingezogen","status":"publish","type":"post","link":"https:\/\/mumm-mg.de\/mummbambinis\/2022\/01\/11\/anna-und-elsa-sind-bei-uns-eingezogen\/","title":{"rendered":"Anna und Elsa sind bei uns eingezogen"},"content":{"rendered":"<p><img loading=\"lazy\" decoding=\"async\" class=\"alignnone size-medium wp-image-2492\" src=\"https:\/\/mumm-mg.de\/mummbambinis\/wp-content\/uploads\/sites\/27\/2022\/01\/10D931B8-121E-4EF9-9F42-7BCDC25ABDBC4149-240x300.jpg\" alt=\"\" width=\"240\" height=\"300\" \/><img loading=\"lazy\" decoding=\"async\" class=\"alignnone size-medium wp-image-2490\" src=\"https:\/\/mumm-mg.de\/mummbambinis\/wp-content\/uploads\/sites\/27\/2022\/01\/4FA1D8B0-A23C-41EA-AC2A-3992C689FA394148-240x300.jpg\" alt=\"\" width=\"240\" height=\"300\" \/> <img loading=\"lazy\" decoding=\"async\" class=\"alignnone size-medium wp-image-2491\" src=\"https:\/\/mumm-mg.de\/mummbambinis\/wp-content\/uploads\/sites\/27\/2022\/01\/9A0F2339-F85A-4CC1-8655-077F0EF214284147-240x300.jpg\" alt=\"\" width=\"240\" height=\"300\" \/><\/p>\n<p>Gemeinsam mit den Kindern haben wir uns dazu entschieden den Zauberwald in ein Eisk\u00f6nig-Paradies zu verwandeln. Aus einem gro\u00dfen Karton haben wir ein Schlo\u00df gebaut und dieses angemalt. Im Farbkasten wurde zum Thema Eisk\u00f6nig\/Eisk\u00f6nigin Zauberst\u00e4be, Anna und Elsa Masken und Schneem\u00e4nner gebastelt. Die Kinder schl\u00fcpfen in die verschiedenen Rollen wie Elsa, Anna, Olaf und Sven. Sie lassen ihrer Fantasie freien Lauf.<\/p>\n<p><!-- \/wp:paragraph --><\/p>\n","protected":false},"excerpt":{"rendered":"<p>Gemeinsam mit den Kindern haben wir uns dazu entschieden den Zauberwald in ein Eisk\u00f6nig-Paradies zu verwandeln. Aus einem gro\u00dfen Karton haben wir ein Schlo\u00df gebaut und dieses angemalt. Im Farbkasten wurde zum Thema Eisk\u00f6nig\/Eisk\u00f6nigin Zauberst\u00e4be, Anna und Elsa Masken und Schneem\u00e4nner gebastelt. Die Kinder schl\u00fcpfen in die verschiedenen Rollen wie Elsa, Anna, Olaf und Sven. [&hellip;]<\/p>\n","protected":false},"author":30,"featured_media":0,"comment_status":"closed","ping_status":"closed","sticky":false,"template":"","format":"standard","meta":{"_et_pb_use_builder":"","_et_pb_old_content":"","_et_gb_content_width":"","footnotes":""},"categories":[13],"tags":[],"_links":{"self":[{"href":"https:\/\/mumm-mg.de\/mummbambinis\/wp-json\/wp\/v2\/posts\/2471"}],"collection":[{"href":"https:\/\/mumm-mg.de\/mummbambinis\/wp-json\/wp\/v2\/posts"}],"about":[{"href":"https:\/\/mumm-mg.de\/mummbambinis\/wp-json\/wp\/v2\/types\/post"}],"author":[{"embeddable":true,"href":"https:\/\/mumm-mg.de\/mummbambinis\/wp-json\/wp\/v2\/users\/30"}],"replies":[{"embeddable":true,"href":"https:\/\/mumm-mg.de\/mummbambinis\/wp-json\/wp\/v2\/comments?post=2471"}],"version-history":[{"count":5,"href":"https:\/\/mumm-mg.de\/mummbambinis\/wp-json\/wp\/v2\/posts\/2471\/revisions"}],"predecessor-version":[{"id":2495,"href":"https:\/\/mumm-mg.de\/mummbambinis\/wp-json\/wp\/v2\/posts\/2471\/revisions\/2495"}],"wp:attachment":[{"href":"https:\/\/mumm-mg.de\/mummbambinis\/wp-json\/wp\/v2\/media?parent=2471"}],"wp:term":[{"taxonomy":"category","embeddable":true,"href":"https:\/\/mumm-mg.de\/mummbambinis\/wp-json\/wp\/v2\/categories?post=2471"},{"taxonomy":"post_tag","embeddable":true,"href":"https:\/\/mumm-mg.de\/mummbambinis\/wp-json\/wp\/v2\/tags?post=2471"}],"curies":[{"name":"wp","href":"https:\/\/api.w.org\/{rel}","templated":true}]}}