{"id":2700,"date":"2020-10-15T11:00:44","date_gmt":"2020-10-15T09:00:44","guid":{"rendered":"https:\/\/mumm-mg.de\/mummerland\/?p=2700"},"modified":"2021-04-13T11:03:56","modified_gmt":"2021-04-13T09:03:56","slug":"griffbereit","status":"publish","type":"post","link":"https:\/\/mumm-mg.de\/mummerland\/2020\/10\/15\/griffbereit\/","title":{"rendered":"Griffbereit"},"content":{"rendered":"<p lang=\"de-DE\"><span style=\"font-family: Calibri, serif\"><span style=\"font-size: small\">Liebe Eltern,<\/span><\/span><\/p>\n<p lang=\"de-DE\"><span style=\"font-family: Calibri, serif\"><span style=\"font-size: small\"><b>wir bieten ab September 2020 Griffbereit im Mummerland an<\/b><\/span><\/span><\/p>\n<p lang=\"de-DE\"><span style=\"font-family: Calibri, serif\"><span style=\"font-size: small\">Griffbereit ist ein Familienbildungsprogramm f\u00fcr Familien mit und ohne Einwanderungsgeschichte und ihren Kindern zwischen dem ersten und dritten Lebensjahr. Das Programm wird in Kindertagesst\u00e4tten und Familienzentren angeboten. <\/span><\/span><\/p>\n<p lang=\"de-DE\"><span style=\"font-family: Calibri, serif\"><span style=\"font-size: small\"><b>Ziel:<\/b> Geschulte ElternbegleiterInnen, meist mehrsprachig unterst\u00fctzen sie die sprachlichen Entwicklung Ihrer Kinder zu st\u00e4rken. <\/span><\/span><\/p>\n<p lang=\"de-DE\"><a name=\"Bookmark\"><\/a><span style=\"font-family: Calibri, serif\"><span style=\"font-size: small\">Jeden Montag von 9:00 bis 10:30 Uhr<\/span><\/span><\/p>\n<p lang=\"de-DE\"><span style=\"font-family: Calibri, serif\"><span style=\"font-size: small\">Ansprechpartner Kursleitung: Derya Bagir <\/span><\/span><\/p>\n<p lang=\"de-DE\"><span style=\"font-family: Calibri, serif\"><span style=\"font-size: small\">Kontaktdaten auf Anfrage hier im Haus.<\/span><\/span><\/p>\n<p lang=\"de-DE\"><span style=\"font-family: Calibri, serif\"><span style=\"font-size: small\">Bei Interesse melden Sie sich bitte bei Yvonne Dohmen oder Natascha Schiffer<\/span><\/span><\/p>\n<p lang=\"de-DE\"><span style=\"font-family: Calibri, serif\"><span style=\"font-size: small\">Ihr Mummerland- Team<\/span><\/span><\/p>\n<p lang=\"de-DE\"><span style=\"font-family: Calibri, serif\"><span style=\"font-size: small\">Wir bitten um Verst\u00e4ndins, dass der Kurs immer nur nach aktuellem Stand des Ministeriums zur Coronalage stattfinden darf!<\/span><\/span><\/p>\n","protected":false},"excerpt":{"rendered":"<p>Liebe Eltern, wir bieten ab September 2020 Griffbereit im Mummerland an Griffbereit ist ein Familienbildungsprogramm f\u00fcr Familien mit und ohne Einwanderungsgeschichte und ihren Kindern zwischen dem ersten und dritten Lebensjahr. Das Programm wird in Kindertagesst\u00e4tten und Familienzentren angeboten. Ziel: Geschulte ElternbegleiterInnen, meist mehrsprachig unterst\u00fctzen sie die sprachlichen Entwicklung Ihrer Kinder zu st\u00e4rken. Jeden Montag von [&hellip;]<\/p>\n","protected":false},"author":20,"featured_media":0,"comment_status":"closed","ping_status":"closed","sticky":false,"template":"","format":"standard","meta":{"_et_pb_use_builder":"","_et_pb_old_content":"","_et_gb_content_width":"","footnotes":""},"categories":[13,15],"tags":[],"_links":{"self":[{"href":"https:\/\/mumm-mg.de\/mummerland\/wp-json\/wp\/v2\/posts\/2700"}],"collection":[{"href":"https:\/\/mumm-mg.de\/mummerland\/wp-json\/wp\/v2\/posts"}],"about":[{"href":"https:\/\/mumm-mg.de\/mummerland\/wp-json\/wp\/v2\/types\/post"}],"author":[{"embeddable":true,"href":"https:\/\/mumm-mg.de\/mummerland\/wp-json\/wp\/v2\/users\/20"}],"replies":[{"embeddable":true,"href":"https:\/\/mumm-mg.de\/mummerland\/wp-json\/wp\/v2\/comments?post=2700"}],"version-history":[{"count":2,"href":"https:\/\/mumm-mg.de\/mummerland\/wp-json\/wp\/v2\/posts\/2700\/revisions"}],"predecessor-version":[{"id":2702,"href":"https:\/\/mumm-mg.de\/mummerland\/wp-json\/wp\/v2\/posts\/2700\/revisions\/2702"}],"wp:attachment":[{"href":"https:\/\/mumm-mg.de\/mummerland\/wp-json\/wp\/v2\/media?parent=2700"}],"wp:term":[{"taxonomy":"category","embeddable":true,"href":"https:\/\/mumm-mg.de\/mummerland\/wp-json\/wp\/v2\/categories?post=2700"},{"taxonomy":"post_tag","embeddable":true,"href":"https:\/\/mumm-mg.de\/mummerland\/wp-json\/wp\/v2\/tags?post=2700"}],"curies":[{"name":"wp","href":"https:\/\/api.w.org\/{rel}","templated":true}]}}