{"id":2705,"date":"2020-07-28T18:00:49","date_gmt":"2020-07-28T16:00:49","guid":{"rendered":"https:\/\/mumm-mg.de\/mummerland\/?p=2705"},"modified":"2021-04-13T11:11:47","modified_gmt":"2021-04-13T09:11:47","slug":"wir-bauen-ein-hochbeet","status":"publish","type":"post","link":"https:\/\/mumm-mg.de\/mummerland\/2020\/07\/28\/wir-bauen-ein-hochbeet\/","title":{"rendered":"Wir bauen ein Hochbeet"},"content":{"rendered":"<p align=\"CENTER\"><span style=\"font-family: Verdana Pro Black, sans-serif\"><span style=\"font-size: large\">Liebe Familien,<\/span><\/span><\/p>\n<p align=\"CENTER\"><span style=\"font-family: Verdana Pro Black, sans-serif\"><span style=\"font-size: large\">Wir planen in unserem Garten ein Hochbeet!<\/span><\/span><\/p>\n<p align=\"CENTER\"><span style=\"font-family: Verdana Pro Black, sans-serif\"><span style=\"font-size: large\">Die Kinder lernen den \u00f6kologischen Anbau von Gem\u00fcse im eigenen Garten.<\/span><\/span><\/p>\n<p align=\"CENTER\"><span style=\"font-family: Verdana Pro Black, sans-serif\"><span style=\"font-size: large\">Unsere K\u00f6chin Souzanna freut sich schon, im Herbst mit den Kindern aus eigenem Ertrag zu kochen!<\/span><\/span><\/p>\n<p align=\"CENTER\"><span style=\"font-family: Verdana Pro Black, sans-serif\"><span style=\"font-size: large\">An folgenden Terminen treffen wir uns im Mummerland und Ihr seid herzlich eingeladen:<\/span><\/span><\/p>\n<p align=\"CENTER\"><span style=\"font-family: Verdana Pro Black, sans-serif\"><span style=\"font-size: large\">16.08.2020, 10:00 Uhr : <\/span><\/span><\/p>\n<p align=\"CENTER\"><span style=\"font-family: Verdana Pro Black, sans-serif\"><span style=\"font-size: large\">Wir bauen ein Hochbeet aus Paletten<\/span><\/span><\/p>\n<p align=\"CENTER\"><span style=\"font-family: Verdana Pro Black, sans-serif\"><span style=\"font-size: large\">18.08.2020, 10:00 Uhr : <\/span><\/span><\/p>\n<p align=\"CENTER\"><span style=\"font-family: Verdana Pro Black, sans-serif\"><span style=\"font-size: large\">Wir bef\u00fcllen das Beet mit St\u00f6cken, Kies und Erde<\/span><\/span><\/p>\n<p align=\"CENTER\"><span style=\"font-family: Verdana Pro Black, sans-serif\"><span style=\"font-size: large\">19:08.2020, 10:00 Uhr : <\/span><\/span><\/p>\n<p align=\"CENTER\"><span style=\"font-family: Verdana Pro Black, sans-serif\"><span style=\"font-size: large\">Wir machen einen Spaziergang und kaufen Samen<\/span><\/span><\/p>\n<p align=\"CENTER\"><span style=\"font-family: Verdana Pro Black, sans-serif\"><span style=\"font-size: large\">20.08.2020, 10:00 Uhr : <\/span><\/span><\/p>\n<p align=\"CENTER\"><span style=\"font-family: Verdana Pro Black, sans-serif\"><span style=\"font-size: large\">Wir s\u00e4en in T\u00f6pfchen<\/span><\/span><\/p>\n<p align=\"CENTER\"><span style=\"font-family: Verdana Pro Black, sans-serif\"><span style=\"font-size: large\">11.09.2020, 10:00 Uhr : <\/span><\/span><\/p>\n<p align=\"CENTER\"><span style=\"font-family: Verdana Pro Black, sans-serif\"><span style=\"font-size: large\">Wir pflanzen unsere Pfl\u00e4nzchen ein <\/span><\/span><\/p>\n<p align=\"CENTER\"><span style=\"font-family: Verdana Pro Black, sans-serif\"><span style=\"font-size: large\">Wir freuen uns \u00fcber Eure Unterst\u00fctzung<\/span><\/span><\/p>\n<p align=\"CENTER\"><span style=\"font-family: Verdana Pro Black, sans-serif\"><span style=\"font-size: large\">Um Anmeldung wird gebeten<\/span><\/span><\/p>\n<p align=\"CENTER\"><span style=\"font-family: Verdana Pro Black, sans-serif\"><span style=\"font-size: large\">Das Angebot darf nur unter den aktuellen Vorschriften des Ministeriums zur Coronalage stattfinden!<\/span><\/span><\/p>\n","protected":false},"excerpt":{"rendered":"<p>Liebe Familien, Wir planen in unserem Garten ein Hochbeet! Die Kinder lernen den \u00f6kologischen Anbau von Gem\u00fcse im eigenen Garten. Unsere K\u00f6chin Souzanna freut sich schon, im Herbst mit den Kindern aus eigenem Ertrag zu kochen! An folgenden Terminen treffen wir uns im Mummerland und Ihr seid herzlich eingeladen: 16.08.2020, 10:00 Uhr : Wir bauen [&hellip;]<\/p>\n","protected":false},"author":20,"featured_media":0,"comment_status":"closed","ping_status":"closed","sticky":false,"template":"","format":"standard","meta":{"_et_pb_use_builder":"","_et_pb_old_content":"","_et_gb_content_width":"","footnotes":""},"categories":[13,15],"tags":[],"_links":{"self":[{"href":"https:\/\/mumm-mg.de\/mummerland\/wp-json\/wp\/v2\/posts\/2705"}],"collection":[{"href":"https:\/\/mumm-mg.de\/mummerland\/wp-json\/wp\/v2\/posts"}],"about":[{"href":"https:\/\/mumm-mg.de\/mummerland\/wp-json\/wp\/v2\/types\/post"}],"author":[{"embeddable":true,"href":"https:\/\/mumm-mg.de\/mummerland\/wp-json\/wp\/v2\/users\/20"}],"replies":[{"embeddable":true,"href":"https:\/\/mumm-mg.de\/mummerland\/wp-json\/wp\/v2\/comments?post=2705"}],"version-history":[{"count":1,"href":"https:\/\/mumm-mg.de\/mummerland\/wp-json\/wp\/v2\/posts\/2705\/revisions"}],"predecessor-version":[{"id":2706,"href":"https:\/\/mumm-mg.de\/mummerland\/wp-json\/wp\/v2\/posts\/2705\/revisions\/2706"}],"wp:attachment":[{"href":"https:\/\/mumm-mg.de\/mummerland\/wp-json\/wp\/v2\/media?parent=2705"}],"wp:term":[{"taxonomy":"category","embeddable":true,"href":"https:\/\/mumm-mg.de\/mummerland\/wp-json\/wp\/v2\/categories?post=2705"},{"taxonomy":"post_tag","embeddable":true,"href":"https:\/\/mumm-mg.de\/mummerland\/wp-json\/wp\/v2\/tags?post=2705"}],"curies":[{"name":"wp","href":"https:\/\/api.w.org\/{rel}","templated":true}]}}