{"id":2707,"date":"2021-04-08T15:11:56","date_gmt":"2021-04-08T13:11:56","guid":{"rendered":"https:\/\/mumm-mg.de\/mummerland\/?p=2707"},"modified":"2021-04-13T11:39:04","modified_gmt":"2021-04-13T09:39:04","slug":"2707","status":"publish","type":"post","link":"https:\/\/mumm-mg.de\/mummerland\/2021\/04\/08\/2707\/","title":{"rendered":"Werken mit Holz"},"content":{"rendered":"<p lang=\"de-DE\" align=\"CENTER\"><span style=\"font-family: Verdana Pro Semibold, sans-serif\"><span style=\"font-size: x-large\">Werken mit Holz im Waldkindergarten!<\/span><\/span><\/p>\n<p lang=\"de-DE\" align=\"CENTER\"><span style=\"font-family: Verdana Pro Semibold, sans-serif\"><span style=\"font-size: x-large\">Die Schulkinder gehen ab dem 07.05.2021 jeden Freitag in den Waldkindergarten Kaulquappen<\/span><\/span><\/p>\n<p lang=\"de-DE\" align=\"CENTER\"><span style=\"font-family: Verdana Pro Semibold, sans-serif\"><span style=\"font-size: x-large\">in Giesenkirchen. Hier gibt es eine tolle Werkstatt f\u00fcr Kinder und wir d\u00fcrfen unter Anleitung der Einrichtungsleitung unseren kreativen K\u00f6pfen freien Lauf lassen.<\/span><\/span><\/p>\n<p lang=\"de-DE\" align=\"CENTER\"><span style=\"font-family: Verdana Pro Semibold, sans-serif\"><span style=\"font-size: x-large\">Los geht es immer um 9:15 Uhr. Die Kinder brauchen an diesem Tag einen Rucksack mit einer Trinkflasche und einem Fr\u00fchst\u00fcck! ACHTUNG: Bitte nichts s\u00fc\u00dfes einpacken, das lockt die Bienen an! Achten Sie auf wetterfeste Kleidung, denn wir gehen bei jedem Wetter los.<\/span><\/span><\/p>\n<p lang=\"de-DE\" align=\"CENTER\"><span style=\"font-family: Verdana Pro Semibold, sans-serif\"><span style=\"font-size: x-large\">Die Kaulquappen laden uns dann vor Ort zu einen frisch gekochten Mittagessen ein. Im Anschlu\u00df machen wir uns auf dem R\u00fcckweg und sind dann gegen 15:00 Uhr wieder im Mummerland.<\/span><\/span><\/p>\n<p lang=\"de-DE\" align=\"CENTER\"><span style=\"font-family: Verdana Pro Semibold, sans-serif\"><span style=\"font-size: x-large\">Der letzte Ausflug ist dann am 25.06.2021.<\/span><\/span><\/p>\n<p lang=\"de-DE\" align=\"CENTER\"><span style=\"font-family: Verdana Pro Semibold, sans-serif\"><span style=\"font-size: x-large\">Wir freuen uns auf eine abenteurliche Zeit mit Euch!<\/span><\/span><\/p>\n","protected":false},"excerpt":{"rendered":"<p>Werken mit Holz im Waldkindergarten! Die Schulkinder gehen ab dem 07.05.2021 jeden Freitag in den Waldkindergarten Kaulquappen in Giesenkirchen. Hier gibt es eine tolle Werkstatt f\u00fcr Kinder und wir d\u00fcrfen unter Anleitung der Einrichtungsleitung unseren kreativen K\u00f6pfen freien Lauf lassen. Los geht es immer um 9:15 Uhr. Die Kinder brauchen an diesem Tag einen Rucksack [&hellip;]<\/p>\n","protected":false},"author":20,"featured_media":0,"comment_status":"closed","ping_status":"closed","sticky":false,"template":"","format":"standard","meta":{"_et_pb_use_builder":"","_et_pb_old_content":"","_et_gb_content_width":"","footnotes":""},"categories":[13,15],"tags":[],"_links":{"self":[{"href":"https:\/\/mumm-mg.de\/mummerland\/wp-json\/wp\/v2\/posts\/2707"}],"collection":[{"href":"https:\/\/mumm-mg.de\/mummerland\/wp-json\/wp\/v2\/posts"}],"about":[{"href":"https:\/\/mumm-mg.de\/mummerland\/wp-json\/wp\/v2\/types\/post"}],"author":[{"embeddable":true,"href":"https:\/\/mumm-mg.de\/mummerland\/wp-json\/wp\/v2\/users\/20"}],"replies":[{"embeddable":true,"href":"https:\/\/mumm-mg.de\/mummerland\/wp-json\/wp\/v2\/comments?post=2707"}],"version-history":[{"count":2,"href":"https:\/\/mumm-mg.de\/mummerland\/wp-json\/wp\/v2\/posts\/2707\/revisions"}],"predecessor-version":[{"id":2716,"href":"https:\/\/mumm-mg.de\/mummerland\/wp-json\/wp\/v2\/posts\/2707\/revisions\/2716"}],"wp:attachment":[{"href":"https:\/\/mumm-mg.de\/mummerland\/wp-json\/wp\/v2\/media?parent=2707"}],"wp:term":[{"taxonomy":"category","embeddable":true,"href":"https:\/\/mumm-mg.de\/mummerland\/wp-json\/wp\/v2\/categories?post=2707"},{"taxonomy":"post_tag","embeddable":true,"href":"https:\/\/mumm-mg.de\/mummerland\/wp-json\/wp\/v2\/tags?post=2707"}],"curies":[{"name":"wp","href":"https:\/\/api.w.org\/{rel}","templated":true}]}}