{"id":2711,"date":"2021-03-20T08:26:48","date_gmt":"2021-03-20T07:26:48","guid":{"rendered":"https:\/\/mumm-mg.de\/mummerland\/?p=2711"},"modified":"2021-04-13T11:36:21","modified_gmt":"2021-04-13T09:36:21","slug":"2711","status":"publish","type":"post","link":"https:\/\/mumm-mg.de\/mummerland\/2021\/03\/20\/2711\/","title":{"rendered":"Gesundes Kochen f\u00fcr Gro\u00dfeltern und Kind"},"content":{"rendered":"<p align=\"CENTER\"><span style=\"font-family: Bahnschrift, serif\"><span style=\"font-size: x-large\"><b>Gesundes Kochen f\u00fcr Gro\u00dfeltern und Kind<\/b><\/span><\/span><\/p>\n<p align=\"CENTER\"><span style=\"font-size: x-large\"><b><span style=\"font-family: Bahnschrift, serif\">Kochen wie zu Omas Zeiten <\/span><span style=\"font-family: Wingdings, serif\">\uf04a<\/span><\/b><\/span><\/p>\n<p align=\"CENTER\"><span style=\"font-family: Bahnschrift, serif\"><span style=\"font-size: x-large\"><b>Gemeinsam kochen wir eine Gem\u00fcsesuppe und backen unser eigenes Brot dazu.<\/b><\/span><\/span><\/p>\n<p align=\"CENTER\"><span style=\"font-family: Bahnschrift, serif\"><span style=\"font-size: x-large\"><b>Wann: Samstag 27.03.2021<\/b><\/span><\/span><\/p>\n<p align=\"CENTER\"><span style=\"font-family: Bahnschrift, serif\"><span style=\"font-size: x-large\"><b>Uhrzeit:10:00-13:00 Uhr<\/b><\/span><\/span><\/p>\n<p align=\"CENTER\"><a name=\"Bookmark\"><\/a><span style=\"font-family: Bahnschrift, serif\"><span style=\"font-size: x-large\"><b>Kosten: ein L\u00e4cheln<\/b><\/span><\/span><\/p>\n<p align=\"CENTER\"><span style=\"font-family: Bahnschrift, serif\"><span style=\"font-size: x-large\"><b>Bitte unbedingt mitbringen:<\/b><\/span><\/span><\/p>\n<p align=\"CENTER\"><span style=\"font-family: Bahnschrift, serif\"><span style=\"font-size: x-large\"><b>gute Laune und Hunger!<\/b><\/span><\/span><\/p>\n<p align=\"CENTER\"><span style=\"font-family: Bahnschrift, serif\"><span style=\"font-size: x-large\"><b>Unsere K\u00f6chin Katharina Fabri freut sich auf Euch!<\/b><\/span><\/span><\/p>\n<p align=\"CENTER\"><span style=\"font-family: Bahnschrift, serif\"><span style=\"font-size: x-large\"><b>Leider muss dieses Angebot wegen der aktuellen Coronalage bis auf weiteres verschoben werden \ud83d\ude41<\/b><\/span><\/span><\/p>\n","protected":false},"excerpt":{"rendered":"<p>Gesundes Kochen f\u00fcr Gro\u00dfeltern und Kind Kochen wie zu Omas Zeiten \uf04a Gemeinsam kochen wir eine Gem\u00fcsesuppe und backen unser eigenes Brot dazu. Wann: Samstag 27.03.2021 Uhrzeit:10:00-13:00 Uhr Kosten: ein L\u00e4cheln Bitte unbedingt mitbringen: gute Laune und Hunger! Unsere K\u00f6chin Katharina Fabri freut sich auf Euch! Leider muss dieses Angebot wegen der aktuellen Coronalage bis [&hellip;]<\/p>\n","protected":false},"author":20,"featured_media":0,"comment_status":"closed","ping_status":"closed","sticky":false,"template":"","format":"standard","meta":{"_et_pb_use_builder":"","_et_pb_old_content":"","_et_gb_content_width":"","footnotes":""},"categories":[13,15],"tags":[],"_links":{"self":[{"href":"https:\/\/mumm-mg.de\/mummerland\/wp-json\/wp\/v2\/posts\/2711"}],"collection":[{"href":"https:\/\/mumm-mg.de\/mummerland\/wp-json\/wp\/v2\/posts"}],"about":[{"href":"https:\/\/mumm-mg.de\/mummerland\/wp-json\/wp\/v2\/types\/post"}],"author":[{"embeddable":true,"href":"https:\/\/mumm-mg.de\/mummerland\/wp-json\/wp\/v2\/users\/20"}],"replies":[{"embeddable":true,"href":"https:\/\/mumm-mg.de\/mummerland\/wp-json\/wp\/v2\/comments?post=2711"}],"version-history":[{"count":2,"href":"https:\/\/mumm-mg.de\/mummerland\/wp-json\/wp\/v2\/posts\/2711\/revisions"}],"predecessor-version":[{"id":2715,"href":"https:\/\/mumm-mg.de\/mummerland\/wp-json\/wp\/v2\/posts\/2711\/revisions\/2715"}],"wp:attachment":[{"href":"https:\/\/mumm-mg.de\/mummerland\/wp-json\/wp\/v2\/media?parent=2711"}],"wp:term":[{"taxonomy":"category","embeddable":true,"href":"https:\/\/mumm-mg.de\/mummerland\/wp-json\/wp\/v2\/categories?post=2711"},{"taxonomy":"post_tag","embeddable":true,"href":"https:\/\/mumm-mg.de\/mummerland\/wp-json\/wp\/v2\/tags?post=2711"}],"curies":[{"name":"wp","href":"https:\/\/api.w.org\/{rel}","templated":true}]}}