{"id":2713,"date":"2020-09-11T12:48:04","date_gmt":"2020-09-11T10:48:04","guid":{"rendered":"https:\/\/mumm-mg.de\/mummerland\/?p=2713"},"modified":"2021-04-13T11:34:03","modified_gmt":"2021-04-13T09:34:03","slug":"vaeterabend","status":"publish","type":"post","link":"https:\/\/mumm-mg.de\/mummerland\/2020\/09\/11\/vaeterabend\/","title":{"rendered":"V\u00e4terabend"},"content":{"rendered":"<p lang=\"de-DE\" align=\"CENTER\"><span style=\"font-family: Calibri, serif\"><span style=\"font-size: small\"><b>V\u00e4terabend<\/b><\/span><\/span><\/p>\n<p lang=\"de-DE\" align=\"CENTER\"><span style=\"font-family: Calibri, serif\"><span style=\"font-size: small\"><b>Liebe V\u00e4ter wir laden Euch zu einer gem\u00fctlichen Runde unter V\u00e4tern ein.<\/b><\/span><\/span><\/p>\n<p lang=\"de-DE\" align=\"CENTER\"><span style=\"font-family: Calibri, serif\"><span style=\"font-size: small\"><b>Motto: Jeder bringt was mit <\/b><\/span><\/span><\/p>\n<p lang=\"de-DE\" align=\"CENTER\"><span style=\"font-family: Calibri, serif\"><span style=\"font-size: small\"><b>( zum Essen und zum Quatschen) <\/b><b>\uf04a<\/b><\/span><\/span><\/p>\n<p lang=\"de-DE\" align=\"CENTER\"><a name=\"Bookmark\"><\/a> <span style=\"font-family: Calibri, serif\"><span style=\"font-size: small\"><b>Thema: Wochenendpa<\/b><\/span><\/span><span style=\"font-family: Calibri, serif\"><span style=\"font-size: small\"><b>pa?!<\/b><\/span><\/span><\/p>\n<p lang=\"de-DE\" align=\"CENTER\"><span style=\"font-family: Calibri, serif\"><span style=\"font-size: small\"><b>Wann: 25.09.2020<\/b><\/span><\/span><\/p>\n<p lang=\"de-DE\" align=\"CENTER\"><span style=\"font-family: Calibri, serif\"><span style=\"font-size: small\"><b>Wo: Mummerland<\/b><\/span><\/span><\/p>\n<p lang=\"de-DE\" align=\"CENTER\"><span style=\"font-family: Calibri, serif\"><span style=\"font-size: small\"><b>Uhrzeit: 19:00 Uhr<\/b><\/span><\/span><\/p>\n<p lang=\"de-DE\" align=\"CENTER\"><span style=\"font-family: Calibri, serif\"><span style=\"font-size: small\"><b>Bei gutem Wetter werden wir grillen<\/b><\/span><\/span><\/p>\n<p lang=\"de-DE\" align=\"CENTER\"><span style=\"font-family: Calibri, serif\"><span style=\"font-size: small\"><b>Meldet Euch bei Interesse bei uns!<\/b><\/span><\/span><\/p>\n<p lang=\"de-DE\" align=\"CENTER\"><span style=\"font-family: Calibri, serif\"><span style=\"font-size: small\"><b>Wir freuen uns auf Euch!<\/b><\/span><\/span><\/p>\n<p lang=\"de-DE\" align=\"CENTER\"><span style=\"font-family: Calibri, serif\"><span style=\"font-size: small\"><b>Lennard Wallfass &amp; Jannik Wankum<\/b><\/span><\/span><\/p>\n<p lang=\"de-DE\" align=\"CENTER\">Diese Veranstaltung findet je nach aktueller Coronalage statt.<\/p>\n","protected":false},"excerpt":{"rendered":"<p>V\u00e4terabend Liebe V\u00e4ter wir laden Euch zu einer gem\u00fctlichen Runde unter V\u00e4tern ein. Motto: Jeder bringt was mit ( zum Essen und zum Quatschen) \uf04a Thema: Wochenendpapa?! Wann: 25.09.2020 Wo: Mummerland Uhrzeit: 19:00 Uhr Bei gutem Wetter werden wir grillen Meldet Euch bei Interesse bei uns! Wir freuen uns auf Euch! Lennard Wallfass &amp; Jannik [&hellip;]<\/p>\n","protected":false},"author":20,"featured_media":0,"comment_status":"closed","ping_status":"closed","sticky":false,"template":"","format":"standard","meta":{"_et_pb_use_builder":"","_et_pb_old_content":"","_et_gb_content_width":"","footnotes":""},"categories":[13,15],"tags":[],"_links":{"self":[{"href":"https:\/\/mumm-mg.de\/mummerland\/wp-json\/wp\/v2\/posts\/2713"}],"collection":[{"href":"https:\/\/mumm-mg.de\/mummerland\/wp-json\/wp\/v2\/posts"}],"about":[{"href":"https:\/\/mumm-mg.de\/mummerland\/wp-json\/wp\/v2\/types\/post"}],"author":[{"embeddable":true,"href":"https:\/\/mumm-mg.de\/mummerland\/wp-json\/wp\/v2\/users\/20"}],"replies":[{"embeddable":true,"href":"https:\/\/mumm-mg.de\/mummerland\/wp-json\/wp\/v2\/comments?post=2713"}],"version-history":[{"count":1,"href":"https:\/\/mumm-mg.de\/mummerland\/wp-json\/wp\/v2\/posts\/2713\/revisions"}],"predecessor-version":[{"id":2714,"href":"https:\/\/mumm-mg.de\/mummerland\/wp-json\/wp\/v2\/posts\/2713\/revisions\/2714"}],"wp:attachment":[{"href":"https:\/\/mumm-mg.de\/mummerland\/wp-json\/wp\/v2\/media?parent=2713"}],"wp:term":[{"taxonomy":"category","embeddable":true,"href":"https:\/\/mumm-mg.de\/mummerland\/wp-json\/wp\/v2\/categories?post=2713"},{"taxonomy":"post_tag","embeddable":true,"href":"https:\/\/mumm-mg.de\/mummerland\/wp-json\/wp\/v2\/tags?post=2713"}],"curies":[{"name":"wp","href":"https:\/\/api.w.org\/{rel}","templated":true}]}}