{"id":2717,"date":"2020-09-12T16:08:27","date_gmt":"2020-09-12T14:08:27","guid":{"rendered":"https:\/\/mumm-mg.de\/mummerland\/?p=2717"},"modified":"2021-04-13T11:44:03","modified_gmt":"2021-04-13T09:44:03","slug":"die-feuerwehr-gibt-informationen-rund-um-das-thema-feuer-mit-kindern","status":"publish","type":"post","link":"https:\/\/mumm-mg.de\/mummerland\/2020\/09\/12\/die-feuerwehr-gibt-informationen-rund-um-das-thema-feuer-mit-kindern\/","title":{"rendered":"Die Feuerwehr gibt Informationen rund um das Thema Feuer mit Kindern"},"content":{"rendered":"<p lang=\"de-DE\" align=\"CENTER\"><em><strong><span style=\"font-family: Calibri, serif\"><span style=\"font-size: small\">Lagerfeuer mit Kindern<\/span><\/span><\/strong><\/em><\/p>\n<p lang=\"de-DE\" align=\"CENTER\"><em><strong><span style=\"font-family: Calibri, serif\"><span style=\"font-size: small\">Ihr wolltet schon immer mal am Feuer mit Euren Kindern sitzen und einfach nur dem Knistern zu h\u00f6ren?<\/span><\/span><\/strong><\/em><\/p>\n<p lang=\"de-DE\" align=\"CENTER\"><em><strong><span style=\"font-family: Calibri, serif\"><span style=\"font-size: small\">Alle Fragen rund um Feuer beantwortet Euch die Freiwillige Feuerwehr Giesenkirchen.<\/span><\/span><\/strong><\/em><\/p>\n<p lang=\"de-DE\" align=\"CENTER\"><span style=\"font-family: Calibri, serif\"><span style=\"font-size: small\"><em><strong>Wo da<\/strong><strong>rf man \u00fcberhaupt ein Feuer entz\u00fcnden?<\/strong><\/em><\/span><\/span><\/p>\n<p lang=\"de-DE\" align=\"CENTER\"><em><strong><span style=\"font-family: Calibri, serif\"><span style=\"font-size: small\">Was muss man beachten?<\/span><\/span><\/strong><\/em><\/p>\n<p lang=\"de-DE\" align=\"CENTER\"><em><strong><span style=\"font-family: Calibri, serif\"><span style=\"font-size: small\">Im Fr\u00fchjahr 2021 werden wir dann einen Vater-Kind Nachmittag zum Thema anbieten.<\/span><\/span><\/strong><\/em><\/p>\n<p lang=\"de-DE\" align=\"CENTER\"><em><strong><span style=\"font-family: Calibri, serif\"><span style=\"font-size: small\">Der Info Nachmittag findet wie folgt statt:<\/span><\/span><\/strong><\/em><\/p>\n<p lang=\"de-DE\" align=\"CENTER\"><em><strong><span style=\"font-family: Calibri, serif\"><span style=\"font-size: small\">Wo: Mummerland Ottostra\u00dfe 2 41238 Mg<\/span><\/span><\/strong><\/em><\/p>\n<p lang=\"de-DE\" align=\"CENTER\"><em><strong><span style=\"font-family: Calibri, serif\"><span style=\"font-size: small\">Wann: 25.09.2020<\/span><\/span><\/strong><\/em><\/p>\n<p lang=\"de-DE\" align=\"CENTER\"><em><strong><span style=\"font-family: Calibri, serif\"><span style=\"font-size: small\">Uhrzeit: 14:00 Uhr-15:30 Uhr<\/span><\/span><\/strong><\/em><\/p>\n<p lang=\"de-DE\" align=\"CENTER\"><em><strong><span style=\"font-family: Calibri, serif\"><span style=\"font-size: small\">Ansprechpartner vor Ort:<\/span><\/span><\/strong><\/em><\/p>\n<p lang=\"de-DE\" align=\"CENTER\"><em><strong><span style=\"font-family: Calibri, serif\"><span style=\"font-size: small\">Stephen Meuer und Pascal Dohmen <\/span><\/span><\/strong><\/em><\/p>\n<p lang=\"de-DE\" align=\"CENTER\"><em><strong><span style=\"font-family: Calibri, serif\"><span style=\"font-size: small\">von der FF Giesenkirchen<\/span><\/span><\/strong><\/em><\/p>\n<p lang=\"de-DE\" align=\"CENTER\"><em><strong><span style=\"font-family: Calibri, serif\"><span style=\"font-size: small\">Eine Anmeldung ist nicht erforderlich<\/span><\/span><\/strong><\/em><\/p>\n<p lang=\"de-DE\" align=\"CENTER\"><em><strong><span style=\"font-family: Calibri, serif\"><span style=\"font-size: small\">Aufgrund des Versammlungsverbotes der FF m\u00fcssen wir diesen Termin leider verschieben!<\/span><\/span><\/strong><\/em><\/p>\n","protected":false},"excerpt":{"rendered":"<p>Lagerfeuer mit Kindern Ihr wolltet schon immer mal am Feuer mit Euren Kindern sitzen und einfach nur dem Knistern zu h\u00f6ren? Alle Fragen rund um Feuer beantwortet Euch die Freiwillige Feuerwehr Giesenkirchen. Wo darf man \u00fcberhaupt ein Feuer entz\u00fcnden? Was muss man beachten? Im Fr\u00fchjahr 2021 werden wir dann einen Vater-Kind Nachmittag zum Thema anbieten. [&hellip;]<\/p>\n","protected":false},"author":20,"featured_media":0,"comment_status":"closed","ping_status":"closed","sticky":false,"template":"","format":"standard","meta":{"_et_pb_use_builder":"","_et_pb_old_content":"","_et_gb_content_width":"","footnotes":""},"categories":[13,15],"tags":[],"_links":{"self":[{"href":"https:\/\/mumm-mg.de\/mummerland\/wp-json\/wp\/v2\/posts\/2717"}],"collection":[{"href":"https:\/\/mumm-mg.de\/mummerland\/wp-json\/wp\/v2\/posts"}],"about":[{"href":"https:\/\/mumm-mg.de\/mummerland\/wp-json\/wp\/v2\/types\/post"}],"author":[{"embeddable":true,"href":"https:\/\/mumm-mg.de\/mummerland\/wp-json\/wp\/v2\/users\/20"}],"replies":[{"embeddable":true,"href":"https:\/\/mumm-mg.de\/mummerland\/wp-json\/wp\/v2\/comments?post=2717"}],"version-history":[{"count":1,"href":"https:\/\/mumm-mg.de\/mummerland\/wp-json\/wp\/v2\/posts\/2717\/revisions"}],"predecessor-version":[{"id":2718,"href":"https:\/\/mumm-mg.de\/mummerland\/wp-json\/wp\/v2\/posts\/2717\/revisions\/2718"}],"wp:attachment":[{"href":"https:\/\/mumm-mg.de\/mummerland\/wp-json\/wp\/v2\/media?parent=2717"}],"wp:term":[{"taxonomy":"category","embeddable":true,"href":"https:\/\/mumm-mg.de\/mummerland\/wp-json\/wp\/v2\/categories?post=2717"},{"taxonomy":"post_tag","embeddable":true,"href":"https:\/\/mumm-mg.de\/mummerland\/wp-json\/wp\/v2\/tags?post=2717"}],"curies":[{"name":"wp","href":"https:\/\/api.w.org\/{rel}","templated":true}]}}