{"id":2759,"date":"2020-05-20T12:03:37","date_gmt":"2020-05-20T10:03:37","guid":{"rendered":"https:\/\/mumm-mg.de\/mummerland\/?p=2759"},"modified":"2021-05-20T12:04:57","modified_gmt":"2021-05-20T10:04:57","slug":"2759","status":"publish","type":"post","link":"https:\/\/mumm-mg.de\/mummerland\/2020\/05\/20\/2759\/","title":{"rendered":""},"content":{"rendered":"<table>\n<thead>\n<tr>\n<th>Ihre Ansprechpartner f\u00fcr<\/th>\n<th><\/th>\n<\/tr>\n<\/thead>\n<tbody>\n<tr>\n<td>Fragen zum Familienzentrum<\/td>\n<td>Yvonne Dohmen und Natascha Schiffer<\/td>\n<\/tr>\n<tr>\n<td>Fragen zu allen p\u00e4d. Themen<\/td>\n<td>Yvonne Dohmen und Natascha Schiffer<\/td>\n<\/tr>\n<tr>\n<td>Qualit\u00e4tsmanagement<\/td>\n<td>Yvonne Dohmen, Natascha Schiffer, Barbara Kuhlemann<\/td>\n<\/tr>\n<tr>\n<td>MigrantInnen \/ interkulturelle \u00d6ffnung<\/td>\n<td>Natascha Schiffer, Helga R\u00e4der-ten Cate, Christina Stefanidou<\/td>\n<\/tr>\n<tr>\n<td>Sprachf\u00f6rderung\/Logop\u00e4die<\/td>\n<td>Marie Stahn<\/td>\n<\/tr>\n<tr>\n<td>Gesundheitsf\u00f6rderung<\/td>\n<td>Janine Gerards, Barbara Kuhlemann,<\/td>\n<\/tr>\n<tr>\n<td>Bewegungsf\u00f6rderung<\/td>\n<td>Barbara Kuhlemann, Janine Gerards, Lennart Wallfass<\/td>\n<\/tr>\n<tr>\n<td>Musik und Kunst<\/td>\n<td>Janine Gerards, Barbara Kuhlemann<\/td>\n<\/tr>\n<tr>\n<td>U3 Kinder<\/td>\n<td>Barbara Kuhlemann, Nicole Spitz<\/td>\n<\/tr>\n<tr>\n<td>Inklusionsfragen<\/td>\n<td>Nicole Spitz, Jennifer Kl\u00fctsch<\/td>\n<\/tr>\n<tr>\n<td>Waldprojekt<\/td>\n<td>Barbara Kuhlemann, Sabine Citaku<\/td>\n<\/tr>\n<tr>\n<td>Kooperation mit Senioren<\/td>\n<td>Janine Kr\u00f6lls<\/td>\n<\/tr>\n<tr>\n<td>V\u00e4terkompetenzen<\/td>\n<td>Lennart Wallfass<\/td>\n<\/tr>\n<tr>\n<td>Spielgruppen<\/td>\n<td>Natascha Schiffer<\/td>\n<\/tr>\n<tr>\n<td>Elternberatung<\/td>\n<td>Yvonne Dohmen, Natascha Schiffer, Sabine Ciatku<\/td>\n<\/tr>\n<tr>\n<td>Kindeswohl<\/td>\n<td>Sabine Citaku, Sabine Weenen, Marie Stahn, Yvonne Dohmen<\/td>\n<\/tr>\n<tr>\n<td>Hauswirtschaft \/ Kochen<\/td>\n<td>Katharina Fabry<\/td>\n<\/tr>\n<\/tbody>\n<\/table>\n<p>&nbsp;<\/p>\n","protected":false},"excerpt":{"rendered":"<p>Ihre Ansprechpartner f\u00fcr Fragen zum Familienzentrum Yvonne Dohmen und Natascha Schiffer Fragen zu allen p\u00e4d. Themen Yvonne Dohmen und Natascha Schiffer Qualit\u00e4tsmanagement Yvonne Dohmen, Natascha Schiffer, Barbara Kuhlemann MigrantInnen \/ interkulturelle \u00d6ffnung Natascha Schiffer, Helga R\u00e4der-ten Cate, Christina Stefanidou Sprachf\u00f6rderung\/Logop\u00e4die Marie Stahn Gesundheitsf\u00f6rderung Janine Gerards, Barbara Kuhlemann, Bewegungsf\u00f6rderung Barbara Kuhlemann, Janine Gerards, Lennart Wallfass Musik [&hellip;]<\/p>\n","protected":false},"author":20,"featured_media":0,"comment_status":"closed","ping_status":"closed","sticky":false,"template":"","format":"standard","meta":{"_et_pb_use_builder":"","_et_pb_old_content":"","_et_gb_content_width":"","footnotes":""},"categories":[15],"tags":[],"_links":{"self":[{"href":"https:\/\/mumm-mg.de\/mummerland\/wp-json\/wp\/v2\/posts\/2759"}],"collection":[{"href":"https:\/\/mumm-mg.de\/mummerland\/wp-json\/wp\/v2\/posts"}],"about":[{"href":"https:\/\/mumm-mg.de\/mummerland\/wp-json\/wp\/v2\/types\/post"}],"author":[{"embeddable":true,"href":"https:\/\/mumm-mg.de\/mummerland\/wp-json\/wp\/v2\/users\/20"}],"replies":[{"embeddable":true,"href":"https:\/\/mumm-mg.de\/mummerland\/wp-json\/wp\/v2\/comments?post=2759"}],"version-history":[{"count":1,"href":"https:\/\/mumm-mg.de\/mummerland\/wp-json\/wp\/v2\/posts\/2759\/revisions"}],"predecessor-version":[{"id":2760,"href":"https:\/\/mumm-mg.de\/mummerland\/wp-json\/wp\/v2\/posts\/2759\/revisions\/2760"}],"wp:attachment":[{"href":"https:\/\/mumm-mg.de\/mummerland\/wp-json\/wp\/v2\/media?parent=2759"}],"wp:term":[{"taxonomy":"category","embeddable":true,"href":"https:\/\/mumm-mg.de\/mummerland\/wp-json\/wp\/v2\/categories?post=2759"},{"taxonomy":"post_tag","embeddable":true,"href":"https:\/\/mumm-mg.de\/mummerland\/wp-json\/wp\/v2\/tags?post=2759"}],"curies":[{"name":"wp","href":"https:\/\/api.w.org\/{rel}","templated":true}]}}