{"id":2543,"date":"2025-09-09T17:42:08","date_gmt":"2025-09-09T15:42:08","guid":{"rendered":"https:\/\/mumm-mg.de\/mummpaenz\/?p=2543"},"modified":"2025-09-09T18:13:14","modified_gmt":"2025-09-09T16:13:14","slug":"sommerfest","status":"publish","type":"post","link":"https:\/\/mumm-mg.de\/mummpaenz\/2025\/09\/09\/sommerfest\/","title":{"rendered":"Sommerfest !!!"},"content":{"rendered":"<p>Wir Feirern Sommerfest im Mummp\u00e4nz !<\/p>\n<p>Am 20.09.2025 um 10:00-14:00 Uhr steht unser Fest unter dem Motto \u201eNationalit\u00e4ten \u2013 gemeinsam feiern, gemeinsam genie\u00dfen!\u201c<br \/>\nFreut euch auf ein buntes, multikulturelles Fest mit einem internationalen Buffet und vielen spannenden Aktivit\u00e4ten f\u00fcr Gro\u00df und Klein.<\/p>\n","protected":false},"excerpt":{"rendered":"<p>Wir Feirern Sommerfest im Mummp\u00e4nz ! Am 20.09.2025 um 10:00-14:00 Uhr steht unser Fest unter dem Motto \u201eNationalit\u00e4ten \u2013 gemeinsam feiern, gemeinsam genie\u00dfen!\u201c Freut euch auf ein buntes, multikulturelles Fest mit einem internationalen Buffet und vielen spannenden Aktivit\u00e4ten f\u00fcr Gro\u00df und Klein.<\/p>\n","protected":false},"author":28,"featured_media":0,"comment_status":"closed","ping_status":"closed","sticky":false,"template":"","format":"standard","meta":{"_et_pb_use_builder":"off","_et_pb_old_content":"Wir Feirern Sommerfest im Mummp\u00e4nz !\r\n\r\n\r\nAm 20.09.2025 um 10:00-14:00 Uhr steht unser Fest unter dem Motto \u201eNationalit\u00e4ten \u2013 gemeinsam feiern, gemeinsam genie\u00dfen!\u201c\r\nFreut euch auf ein buntes, multikulturelles Fest mit einem internationalen Buffet und vielen spannenden Aktivit\u00e4ten f\u00fcr Gro\u00df und Klein.","_et_gb_content_width":"","footnotes":""},"categories":[13],"tags":[],"_links":{"self":[{"href":"https:\/\/mumm-mg.de\/mummpaenz\/wp-json\/wp\/v2\/posts\/2543"}],"collection":[{"href":"https:\/\/mumm-mg.de\/mummpaenz\/wp-json\/wp\/v2\/posts"}],"about":[{"href":"https:\/\/mumm-mg.de\/mummpaenz\/wp-json\/wp\/v2\/types\/post"}],"author":[{"embeddable":true,"href":"https:\/\/mumm-mg.de\/mummpaenz\/wp-json\/wp\/v2\/users\/28"}],"replies":[{"embeddable":true,"href":"https:\/\/mumm-mg.de\/mummpaenz\/wp-json\/wp\/v2\/comments?post=2543"}],"version-history":[{"count":5,"href":"https:\/\/mumm-mg.de\/mummpaenz\/wp-json\/wp\/v2\/posts\/2543\/revisions"}],"predecessor-version":[{"id":2551,"href":"https:\/\/mumm-mg.de\/mummpaenz\/wp-json\/wp\/v2\/posts\/2543\/revisions\/2551"}],"wp:attachment":[{"href":"https:\/\/mumm-mg.de\/mummpaenz\/wp-json\/wp\/v2\/media?parent=2543"}],"wp:term":[{"taxonomy":"category","embeddable":true,"href":"https:\/\/mumm-mg.de\/mummpaenz\/wp-json\/wp\/v2\/categories?post=2543"},{"taxonomy":"post_tag","embeddable":true,"href":"https:\/\/mumm-mg.de\/mummpaenz\/wp-json\/wp\/v2\/tags?post=2543"}],"curies":[{"name":"wp","href":"https:\/\/api.w.org\/{rel}","templated":true}]}}