{"id":2645,"date":"2021-10-05T08:29:32","date_gmt":"2021-10-05T06:29:32","guid":{"rendered":"https:\/\/mumm-mg.de\/mummpitz\/?p=2645"},"modified":"2021-10-05T08:29:32","modified_gmt":"2021-10-05T06:29:32","slug":"elterncafe","status":"publish","type":"post","link":"https:\/\/mumm-mg.de\/mummpitz\/2021\/10\/05\/elterncafe\/","title":{"rendered":"Elterncafe"},"content":{"rendered":"<p>Liebe Eltern,<\/p>\n<p>ab November m\u00f6chten wir wieder f\u00fcr Sie einmal monatlich das Elterncafe anbieten.<\/p>\n<p>Das bedeutet, dass wir uns regelm\u00e4\u00dfig im Familienzentrum treffen.<br \/>\nMal mit externen Besuchern zu verschiedenen Themen, mal mit Kooperationspartnern und auch mal nur mit einem Mitarbeiter aus dem Kindergarten.<\/p>\n<p>Wir w\u00fcrden uns freuen, wenn immer eine nette Runde zusammen finden w\u00fcrde.<br \/>\nDie Termine finden Sie auf der Homepage (Termine) und im Kindergarten.<\/p>\n<p>Das Elterncafe findet unter den g\u00e4ngigen Corona Ma\u00dfnahmen statt<br \/>\nBei Fragen melden Sie sich im Kindergarten.<\/p>\n<p>Das MummPitz Team<\/p>\n","protected":false},"excerpt":{"rendered":"<p>Liebe Eltern, ab November m\u00f6chten wir wieder f\u00fcr Sie einmal monatlich das Elterncafe anbieten. Das bedeutet, dass wir uns regelm\u00e4\u00dfig im Familienzentrum treffen. Mal mit externen Besuchern zu verschiedenen Themen, mal mit Kooperationspartnern und auch mal nur mit einem Mitarbeiter aus dem Kindergarten. Wir w\u00fcrden uns freuen, wenn immer eine nette Runde zusammen finden w\u00fcrde. [&hellip;]<\/p>\n","protected":false},"author":11,"featured_media":0,"comment_status":"closed","ping_status":"closed","sticky":false,"template":"","format":"standard","meta":{"_et_pb_use_builder":"","_et_pb_old_content":"","_et_gb_content_width":"","footnotes":""},"categories":[15],"tags":[],"_links":{"self":[{"href":"https:\/\/mumm-mg.de\/mummpitz\/wp-json\/wp\/v2\/posts\/2645"}],"collection":[{"href":"https:\/\/mumm-mg.de\/mummpitz\/wp-json\/wp\/v2\/posts"}],"about":[{"href":"https:\/\/mumm-mg.de\/mummpitz\/wp-json\/wp\/v2\/types\/post"}],"author":[{"embeddable":true,"href":"https:\/\/mumm-mg.de\/mummpitz\/wp-json\/wp\/v2\/users\/11"}],"replies":[{"embeddable":true,"href":"https:\/\/mumm-mg.de\/mummpitz\/wp-json\/wp\/v2\/comments?post=2645"}],"version-history":[{"count":1,"href":"https:\/\/mumm-mg.de\/mummpitz\/wp-json\/wp\/v2\/posts\/2645\/revisions"}],"predecessor-version":[{"id":2646,"href":"https:\/\/mumm-mg.de\/mummpitz\/wp-json\/wp\/v2\/posts\/2645\/revisions\/2646"}],"wp:attachment":[{"href":"https:\/\/mumm-mg.de\/mummpitz\/wp-json\/wp\/v2\/media?parent=2645"}],"wp:term":[{"taxonomy":"category","embeddable":true,"href":"https:\/\/mumm-mg.de\/mummpitz\/wp-json\/wp\/v2\/categories?post=2645"},{"taxonomy":"post_tag","embeddable":true,"href":"https:\/\/mumm-mg.de\/mummpitz\/wp-json\/wp\/v2\/tags?post=2645"}],"curies":[{"name":"wp","href":"https:\/\/api.w.org\/{rel}","templated":true}]}}