{"id":2388,"date":"2020-03-13T17:19:29","date_gmt":"2020-03-13T16:19:29","guid":{"rendered":"https:\/\/mumm-mg.de\/pfiffikus\/?p=2388"},"modified":"2020-03-21T11:11:56","modified_gmt":"2020-03-21T10:11:56","slug":"die-raeuberhoehle","status":"publish","type":"post","link":"https:\/\/mumm-mg.de\/pfiffikus\/2020\/03\/13\/die-raeuberhoehle\/","title":{"rendered":"Die R\u00e4uberh\u00f6hle"},"content":{"rendered":"<h3>Erfahren Sie hier mehr \u00fcber unsere R\u00e4uberh\u00f6hle&#8230;.<\/h3>\n<p><strong>Aufgrund der fehlenden Kita &#8211; Pl\u00e4tze haben wir mit der \u201eR\u00e4uberh\u00f6hle\u201c die Anzahl <\/strong><strong>der Betreuungspl\u00e4tze des Pfiffikus um 10 Kinder erweitert. <\/strong><strong>Da die R\u00e4umlichkeiten im Haupthaus nicht ausreichten, haben wir eine Wohnung <\/strong><strong>in unmittelbarer N\u00e4he (fu\u00dfl\u00e4ufig ca. 7 Minuten) angemietet.<\/strong><\/p>\n<p><strong>Die \u201eR\u00e4uber\u201c befinden sich im Alter zwischen einem halben Jahr und drei Jahren <\/strong><strong>und werden von zwei Vollzeit Erzieherinnen und einer Kinderkrankenschwester mit <\/strong><strong>reduzierter Stundenzahl im Alltag begleitet. <\/strong><strong>In der Mini \u2013 Gruppe wird gemalt, musiziert, geturnt und vorgelesen. Wie <\/strong><strong>es sich geh\u00f6rt, machen die \u201eR\u00e4uber\u201c nat\u00fcrlich auch gerne den Wald unsicher und <\/strong><strong>erf\u00fcllen ihn mit lautem Get\u00f6se.<\/strong><\/p>\n<p><strong>\u00a0<\/strong><strong>Gegessen wird zu festen Zeiten.<\/strong><\/p>\n<p><strong>Von 7:15h bis 9:00h wird ein kleines Fr\u00fchst\u00fcck angeboten.<\/strong><\/p>\n<p><strong>Das Mittagessen, dass vom K\u00fcchenteam des Pfiffikus frisch zubereitet wird, wird <\/strong><strong>gegen 11:30h angeliefert. Anschlie\u00dfend wird geschlafen bzw. ausgeruht. <\/strong><\/p>\n<p><strong>Gegen 14:30h gibt es einen kleinen Imbiss. Bis 16:15h sind alle Kinder abgeholt.<\/strong><\/p>\n<p><strong>Einmal in der Woche wandert die ganze Belegschaft ins Haupthaus, um Kontakte zu <\/strong><strong>den anderen Kindern und Erwachsenen zu kn\u00fcpfen. So lernen sie alle <\/strong><strong>Funktionsbereiche kennen und verlieren ihre Scheu, wenn sie mit zwei Jahren in den <\/strong><strong>Pfiffikus wechseln.<\/strong><\/p>\n","protected":false},"excerpt":{"rendered":"<p>Erfahren Sie hier mehr \u00fcber unsere R\u00e4uberh\u00f6hle&#8230;. Aufgrund der fehlenden Kita &#8211; Pl\u00e4tze haben wir mit der \u201eR\u00e4uberh\u00f6hle\u201c die Anzahl der Betreuungspl\u00e4tze des Pfiffikus um 10 Kinder erweitert. Da die R\u00e4umlichkeiten im Haupthaus nicht ausreichten, haben wir eine Wohnung in unmittelbarer N\u00e4he (fu\u00dfl\u00e4ufig ca. 7 Minuten) angemietet. Die \u201eR\u00e4uber\u201c befinden sich im Alter zwischen einem [&hellip;]<\/p>\n","protected":false},"author":7,"featured_media":0,"comment_status":"closed","ping_status":"closed","sticky":false,"template":"","format":"standard","meta":{"_et_pb_use_builder":"","_et_pb_old_content":"","_et_gb_content_width":"","footnotes":""},"categories":[1],"tags":[],"_links":{"self":[{"href":"https:\/\/mumm-mg.de\/pfiffikus\/wp-json\/wp\/v2\/posts\/2388"}],"collection":[{"href":"https:\/\/mumm-mg.de\/pfiffikus\/wp-json\/wp\/v2\/posts"}],"about":[{"href":"https:\/\/mumm-mg.de\/pfiffikus\/wp-json\/wp\/v2\/types\/post"}],"author":[{"embeddable":true,"href":"https:\/\/mumm-mg.de\/pfiffikus\/wp-json\/wp\/v2\/users\/7"}],"replies":[{"embeddable":true,"href":"https:\/\/mumm-mg.de\/pfiffikus\/wp-json\/wp\/v2\/comments?post=2388"}],"version-history":[{"count":9,"href":"https:\/\/mumm-mg.de\/pfiffikus\/wp-json\/wp\/v2\/posts\/2388\/revisions"}],"predecessor-version":[{"id":2488,"href":"https:\/\/mumm-mg.de\/pfiffikus\/wp-json\/wp\/v2\/posts\/2388\/revisions\/2488"}],"wp:attachment":[{"href":"https:\/\/mumm-mg.de\/pfiffikus\/wp-json\/wp\/v2\/media?parent=2388"}],"wp:term":[{"taxonomy":"category","embeddable":true,"href":"https:\/\/mumm-mg.de\/pfiffikus\/wp-json\/wp\/v2\/categories?post=2388"},{"taxonomy":"post_tag","embeddable":true,"href":"https:\/\/mumm-mg.de\/pfiffikus\/wp-json\/wp\/v2\/tags?post=2388"}],"curies":[{"name":"wp","href":"https:\/\/api.w.org\/{rel}","templated":true}]}}