{"id":3463,"date":"2021-06-10T15:00:33","date_gmt":"2021-06-10T13:00:33","guid":{"rendered":"https:\/\/mumm-mg.de\/pfiffikus\/?p=3463"},"modified":"2021-08-20T14:58:09","modified_gmt":"2021-08-20T12:58:09","slug":"jetzt-geht-es-wieder-los","status":"publish","type":"post","link":"https:\/\/mumm-mg.de\/pfiffikus\/2021\/06\/10\/jetzt-geht-es-wieder-los\/","title":{"rendered":"Jetzt geht es wieder los"},"content":{"rendered":"<!--[if lt IE 9]><script>document.createElement('audio');<\/script><![endif]-->\n<audio class=\"wp-audio-shortcode\" id=\"audio-3463-1\" preload=\"none\" style=\"width: 100%;\" controls=\"controls\"><source type=\"audio\/mpeg\" src=\"https:\/\/mumm-mg.de\/pfiffikus\/wp-content\/uploads\/sites\/4\/2021\/06\/Sommerfest-mp3.mp3?_=1\" \/><a href=\"https:\/\/mumm-mg.de\/pfiffikus\/wp-content\/uploads\/sites\/4\/2021\/06\/Sommerfest-mp3.mp3\">https:\/\/mumm-mg.de\/pfiffikus\/wp-content\/uploads\/sites\/4\/2021\/06\/Sommerfest-mp3.mp3<\/a><\/audio>\n<p><span class=\"s2\">E<\/span><span class=\"s2\">ndlich, e<\/span><span class=\"s2\">s geht wieder los!<\/span><\/p>\n<p class=\"s3\"><span class=\"s2\">Corona <\/span><span class=\"s2\">hat sich n\u00e4mlich im Moment verkr\u00fcmelt<\/span><span class=\"s2\">. Die Erwachsenen sagen<\/span><span class=\"s2\"> zwar<\/span><span class=\"s2\">, dass wir trotzdem noch aufpassen m\u00fcssen und<\/span><span class=\"s2\"> wir<\/span><span class=\"s2\"> vielleicht auch eine neue Wel<\/span><span class=\"s2\">le kriegen<\/span><span class=\"s2\">, aber uns ist das egal. <\/span><span class=\"s2\">Jetzt is<\/span><span class=\"s2\">t jetzt, was geht uns sp\u00e4ter an!<\/span><\/p>\n<p class=\"s3\"><span class=\"s2\">F\u00fcr uns z\u00e4hlt erstmal, dass wir <\/span><span class=\"s2\">wieder aus unseren festen Corona Gruppen <\/span><span class=\"s2\">raus sind <\/span><span class=\"s2\">und <\/span><span class=\"s2\">wir <\/span><span class=\"s2\">alle zusammenspielen d\u00fcrfen.<\/span><\/p>\n<p class=\"s3\"><span class=\"s2\">Am ersten Tag<\/span><span class=\"s2\"> war das schon ein bisschen komisch, einfach in einen anderen Raum, nicht wissen wer da gerade ist,<\/span><span class=\"s2\"> was hat sich alles ver\u00e4ndert,<\/span><span class=\"s2\"> aber das hat gar nicht lange gedauert. So<\/span><span class=\"s2\">turboschnell <\/span><span class=\"s2\">wie wir <\/span><span class=\"s2\">hin<\/span><span class=\"s2\">&#8211; und her<\/span><span class=\"s2\">gelaufen sind, so turboschnell haben wir auch den ganzen Pfiffikus wieder<\/span><span class=\"s2\">zur\u00fcck<\/span><span class=\"s2\">erobert.<\/span><\/p>\n<p class=\"s3\"><span class=\"s2\">Nat\u00fcrlich waren auch die <\/span><span class=\"s2\">\u201e<\/span><span class=\"s2\">Erzieher<\/span><span class=\"s2\">\u201c<\/span><span class=\"s2\"> unterwegs, obwohl die Gro\u00dfen immer noch <\/span><span class=\"s2\">viel <\/span><span class=\"s2\">vorsichtig<\/span><span class=\"s2\">er<\/span><span class=\"s2\"> sind<\/span><span class=\"s2\"> als wir<\/span><span class=\"s2\">. <\/span><span class=\"s2\">Die stehen immer noch <\/span><span class=\"s4\">1*<\/span><span class=\"s2\">\u201e<\/span><span class=\"s2\">eins<\/span><span class=\"s2\">&#8211;<\/span><span class=\"s2\">hundert<\/span><span class=\"s2\">&#8211;<\/span><span class=\"s2\">f\u00fcnfzehn<\/span><span class=\"s2\">\u201c<\/span><span class=\"s2\"> viel<\/span><span class=\"s2\">e Meter auseinander<\/span><span class=\"s2\">und auch unsere Eltern bleiben noch ein bisschen drau\u00dfen<\/span><span class=\"s2\">, weil d<\/span><span class=\"s2\">i<\/span><span class=\"s2\">e<\/span><span class=\"s2\">se<\/span><span class=\"s2\">r Corona ja <\/span><span class=\"s2\">immer <\/span><span class=\"s2\">noch nicht ganz<\/span><span class=\"s2\"> verschwunden<\/span><span class=\"s2\">ist.<\/span><\/p>\n<p class=\"s3\"><span class=\"s2\">Wenn die <\/span><span class=\"s4\">2*<\/span><span class=\"s2\">\u201eExzellenz\u201c <\/span><span class=\"s2\">irgendwo<\/span><span class=\"s2\"> ganz unten ist, dann k\u00f6nnen Mama und Papa auch <\/span><span class=\"s2\">rein. Bestimmt<\/span><span class=\"s2\"> brauchen wir<\/span> <span class=\"s2\">dann <\/span><span class=\"s2\">auch keine W\u00e4scheleine mehr<\/span><span class=\"s2\"> am Tor<\/span><span class=\"s2\">,<\/span><span class=\"s2\"> damit<\/span><span class=\"s2\"> wir<\/span><span class=\"s2\"> unsere vermissten<\/span><span class=\"s2\">T-Shirts und Socken wiederhaben<\/span><span class=\"s2\">.<\/span><\/p>\n<p class=\"s3\"><span class=\"s2\">Die \u00dcberraschung, die die <\/span><span class=\"s2\">Erzieher<\/span><span class=\"s2\"> f\u00fcr uns heute hatten<\/span><span class=\"s2\">,<\/span><span class=\"s2\"> hat uns umgehauen<\/span><span class=\"s2\">.<\/span><span class=\"s2\"> Wir konnten gar nicht verstehen was los ist, denn wir haben solange kein Kinderfest mehr mitgemacht.<\/span><span class=\"s2\">Wir wussten gar nicht, was wir zuerst machen sollten.<\/span><\/p>\n<p class=\"s3\"><span class=\"s2\">E<\/span><span class=\"s2\">s <\/span><span class=\"s2\">gab <\/span><span class=\"s2\">eine<\/span><span class=\"s2\"> richtige<\/span><span class=\"s2\"> H\u00fcpfburg<\/span><span class=\"s2\">, die Anja <\/span><span class=\"s2\">f\u00fcr uns <\/span><span class=\"s2\">abgeholt<\/span><span class=\"s2\"> hat. Stephan und sie haben<\/span> <span class=\"s2\">die sogar extra ge<\/span><span class=\"s2\">testet, damit uns nix passiert.<\/span><span class=\"s2\"> Weil die H\u00fcpfburg<\/span><span class=\"s2\"> ja nun die beiden ausgehalten hat,<\/span><span class=\"s2\">durfte<\/span><span class=\"s2\"> der KleinPfiffikus<\/span><span class=\"s2\"> als erstes<\/span><span class=\"s2\"> mit <\/span><span class=\"s2\">und auf <\/span><span class=\"s2\">Janine h\u00fcpfen<\/span><span class=\"s2\">. Manchen von uns war der ganze Trubel viel zu viel, die sind lieber mit Valentina<\/span><span class=\"s2\"> und Sherin<\/span><a name=\"_GoBack\"><\/a><span class=\"s2\"> zum Schaukeln gegangen.<\/span><span class=\"s2\">Martina<\/span> <span class=\"s2\">ist aus D\u00fcsseldorf gekommen und<\/span><span class=\"s2\"> hat <\/span><span class=\"s2\">die Gro\u00dfmutter und <\/span><span class=\"s2\">den Kasper<\/span><span class=\"s2\"> mitgeb<\/span><span class=\"s2\">racht. Der war auch <\/span><span class=\"s2\">so <\/span><span class=\"s2\">froh uns endlich wiederzusehen<\/span><span class=\"s2\">, obwohl er <\/span><span class=\"s2\">auch unbedingt Urlaub an einem See machen wollte.<\/span> <span class=\"s2\">Nevin hat die <\/span><span class=\"s2\">\u201e<\/span><span class=\"s2\">Kleinen<\/span><span class=\"s2\">\u201c<\/span><span class=\"s2\">, die den Kasper ja noch nie gesehen hatten, begleitet. Sie <\/span><span class=\"s2\">hat sich Sorgen gemacht, dass die <\/span><span class=\"s2\">Angst<\/span><span class=\"s2\"> kriegen k\u00f6nnten, denn in der Turnhalle war es ja ein bisschen unheimlich. Aber da hat sie sich m\u00e4chtig geirrt, die sind alle bis zum Ende geblieben. <\/span><span class=\"s2\">Die Zuckerwatte und das Popcorn<\/span><span class=\"s2\"> fanden wir alle <\/span><span class=\"s2\">total klasse, Jessica und Zara haben das prima gemacht. Marion und Mich\u00e8le haben bei den Klecksen geschminkt und Glitzer &#8211; Tattoos auf d<\/span><span class=\"s2\">ie<\/span><span class=\"s2\"> Arm<\/span><span class=\"s2\">e<\/span><span class=\"s2\"> gemalt, eigentlich wollen wir <\/span><span class=\"s2\">die f\u00fcr immer behalten<\/span><span class=\"s2\">, aber<\/span><span class=\"s2\"> wir kennen ja unsere<\/span><span class=\"s2\"> Eltern<\/span><span class=\"s2\">, die<\/span><span class=\"s2\"> werden uns bestimmt <\/span><span class=\"s2\"><a href=\"\/\/1\">heute Abend<\/a><\/span><span class=\"s2\"> in die Badewanne <\/span><span class=\"s2\">stecken. Riesig war, dass Maddox mit dabei sein durfte. Katharina hat <\/span><span class=\"s2\">ihn mitgebracht und <\/span><span class=\"s2\">alle die wollten,<\/span> <span class=\"s2\">reiten lassen. Samira und J<\/span><span class=\"s2\">uno mussten allerdings <\/span><span class=\"s2\">seine \u00c4pfel aufsammeln<\/span><span class=\"s2\">, denn der geht nicht <\/span><span class=\"s2\">aufs<\/span><span class=\"s2\"> Klo<\/span><span class=\"s2\">. Gaston, Valeria und Florian waren ziemlich geschafft, die hatten heute so viel zu sp\u00fclen, zu kochen und aufzur\u00e4umen, wie sonst an drei Tagen. Die fallen bestimmt nur noch ins Bett und schlafen <a href=\"\/\/3\">bis morgen fr\u00fch<\/a>. Lukas und Stephan haben mit uns Fangen gespielt und weil uns dann so hei\u00df war, <\/span><span class=\"s2\">haben die beiden den <\/span><span class=\"s2\">Gartensprenger<\/span><span class=\"s2\">angestellt<\/span><span class=\"s2\">. W<\/span><span class=\"s2\">ir sind patschnass herumgesprungen<\/span><span class=\"s2\"> und haben uns dabei kaputtgelacht<\/span><span class=\"s2\">. <\/span><span class=\"s2\">Mit <\/span><span class=\"s2\">Fawziya und Hassan haben <\/span><span class=\"s2\">wir <\/span><span class=\"s2\">getrommelt, das war ziemlich laut<\/span><span class=\"s2\">, aber voll cool<\/span><span class=\"s2\">. <\/span><\/p>\n<p class=\"s3\"><span class=\"s2\">Jetzt stehen unsere Eltern schon vor der T\u00fcr und wollen uns abholen, der Tag ist so schnell rumgegangen. <\/span><\/p>\n<p class=\"s3\"><span class=\"s2\">Es war sooooo sch\u00f6n, auch wenn die Erwachsenen sagen, es war verr\u00fcckt, chaotisch und anstrengend, glauben wir, dass sie auch ihren Spa\u00df hatten, <\/span><span class=\"s2\">\u2026 fast <\/span><span class=\"s2\">war es\u00a0<\/span><span class=\"s2\">wie fr\u00fcher, <\/span><span class=\"s2\">als wir noch nicht<\/span><span class=\"s2\">\u00a0den bl\u00f6den Corona hatten.<\/span><\/p>\n<p>&nbsp;<\/p>\n<p>F\u00fcr Einblicke schaut mal in unseren Fotos vorbei.<\/p>\n<p>\u00dcbersetzung der Kindersprache<\/p>\n<p class=\"s3\"><span class=\"s4\">1* = 1,5 m\u00a0<\/span><\/p>\n<p class=\"s3\"><span class=\"s4\">2* = Inzidenz<\/span><\/p>\n<p>&nbsp;<\/p>\n<p>&nbsp;<\/p>\n","protected":false},"excerpt":{"rendered":"<p>Endlich, es geht wieder los! Corona hat sich n\u00e4mlich im Moment verkr\u00fcmelt. Die Erwachsenen sagen zwar, dass wir trotzdem noch aufpassen m\u00fcssen und wir vielleicht auch eine neue Welle kriegen, aber uns ist das egal. Jetzt ist jetzt, was geht uns sp\u00e4ter an! F\u00fcr uns z\u00e4hlt erstmal, dass wir wieder aus unseren festen Corona Gruppen [&hellip;]<\/p>\n","protected":false},"author":7,"featured_media":0,"comment_status":"closed","ping_status":"closed","sticky":false,"template":"","format":"standard","meta":{"_et_pb_use_builder":"","_et_pb_old_content":"","_et_gb_content_width":"","footnotes":""},"categories":[18],"tags":[],"_links":{"self":[{"href":"https:\/\/mumm-mg.de\/pfiffikus\/wp-json\/wp\/v2\/posts\/3463"}],"collection":[{"href":"https:\/\/mumm-mg.de\/pfiffikus\/wp-json\/wp\/v2\/posts"}],"about":[{"href":"https:\/\/mumm-mg.de\/pfiffikus\/wp-json\/wp\/v2\/types\/post"}],"author":[{"embeddable":true,"href":"https:\/\/mumm-mg.de\/pfiffikus\/wp-json\/wp\/v2\/users\/7"}],"replies":[{"embeddable":true,"href":"https:\/\/mumm-mg.de\/pfiffikus\/wp-json\/wp\/v2\/comments?post=3463"}],"version-history":[{"count":4,"href":"https:\/\/mumm-mg.de\/pfiffikus\/wp-json\/wp\/v2\/posts\/3463\/revisions"}],"predecessor-version":[{"id":3483,"href":"https:\/\/mumm-mg.de\/pfiffikus\/wp-json\/wp\/v2\/posts\/3463\/revisions\/3483"}],"wp:attachment":[{"href":"https:\/\/mumm-mg.de\/pfiffikus\/wp-json\/wp\/v2\/media?parent=3463"}],"wp:term":[{"taxonomy":"category","embeddable":true,"href":"https:\/\/mumm-mg.de\/pfiffikus\/wp-json\/wp\/v2\/categories?post=3463"},{"taxonomy":"post_tag","embeddable":true,"href":"https:\/\/mumm-mg.de\/pfiffikus\/wp-json\/wp\/v2\/tags?post=3463"}],"curies":[{"name":"wp","href":"https:\/\/api.w.org\/{rel}","templated":true}]}}