{"id":2182,"date":"2019-08-25T09:22:09","date_gmt":"2019-08-25T07:22:09","guid":{"rendered":"https:\/\/mumm-mg.de\/sausewind\/?p=2182"},"modified":"2019-10-01T09:54:01","modified_gmt":"2019-10-01T07:54:01","slug":"mein-portfolio","status":"publish","type":"post","link":"https:\/\/mumm-mg.de\/sausewind\/2019\/08\/25\/mein-portfolio\/","title":{"rendered":"Mein Portfolio"},"content":{"rendered":"<p><img loading=\"lazy\" decoding=\"async\" class=\"alignnone size-medium wp-image-2180 aligncenter\" src=\"https:\/\/mumm-mg.de\/sausewind\/wp-content\/uploads\/sites\/5\/2019\/10\/Portfolio-Paint-300x225.jpg\" alt=\"\" width=\"300\" height=\"225\" \/><\/p>\n<p>Mein spannender Alltag in der Kita, wird von meinen Erziehern in meinem Portfolio festgehalten!<br \/>\nImmer wieder gerne, schaue ich mir mein Portfolio an. Das ist so sch\u00f6n, dass ich mir mein Portfolio auch fast t\u00e4glich anschaue. H\u00e4ufig treffe ich mich mit meinen Freunden, um mein Portfolio gemeinsam mit ihnen anzuschauen.<br \/>\nGerne w\u00fcrde ich dies auch meinen Eltern zeigen, diese haben aber leider selten oder gar keine Zeit daf\u00fcr.<\/p>\n","protected":false},"excerpt":{"rendered":"<p>Mein spannender Alltag in der Kita, wird von meinen Erziehern in meinem Portfolio festgehalten! Immer wieder gerne, schaue ich mir mein Portfolio an. Das ist so sch\u00f6n, dass ich mir mein Portfolio auch fast t\u00e4glich anschaue. H\u00e4ufig treffe ich mich mit meinen Freunden, um mein Portfolio gemeinsam mit ihnen anzuschauen. Gerne w\u00fcrde ich dies auch [&hellip;]<\/p>\n","protected":false},"author":8,"featured_media":0,"comment_status":"closed","ping_status":"closed","sticky":false,"template":"","format":"standard","meta":{"_et_pb_use_builder":"","_et_pb_old_content":"","_et_gb_content_width":"","footnotes":""},"categories":[1],"tags":[],"_links":{"self":[{"href":"https:\/\/mumm-mg.de\/sausewind\/wp-json\/wp\/v2\/posts\/2182"}],"collection":[{"href":"https:\/\/mumm-mg.de\/sausewind\/wp-json\/wp\/v2\/posts"}],"about":[{"href":"https:\/\/mumm-mg.de\/sausewind\/wp-json\/wp\/v2\/types\/post"}],"author":[{"embeddable":true,"href":"https:\/\/mumm-mg.de\/sausewind\/wp-json\/wp\/v2\/users\/8"}],"replies":[{"embeddable":true,"href":"https:\/\/mumm-mg.de\/sausewind\/wp-json\/wp\/v2\/comments?post=2182"}],"version-history":[{"count":1,"href":"https:\/\/mumm-mg.de\/sausewind\/wp-json\/wp\/v2\/posts\/2182\/revisions"}],"predecessor-version":[{"id":2183,"href":"https:\/\/mumm-mg.de\/sausewind\/wp-json\/wp\/v2\/posts\/2182\/revisions\/2183"}],"wp:attachment":[{"href":"https:\/\/mumm-mg.de\/sausewind\/wp-json\/wp\/v2\/media?parent=2182"}],"wp:term":[{"taxonomy":"category","embeddable":true,"href":"https:\/\/mumm-mg.de\/sausewind\/wp-json\/wp\/v2\/categories?post=2182"},{"taxonomy":"post_tag","embeddable":true,"href":"https:\/\/mumm-mg.de\/sausewind\/wp-json\/wp\/v2\/tags?post=2182"}],"curies":[{"name":"wp","href":"https:\/\/api.w.org\/{rel}","templated":true}]}}