{"id":2196,"date":"2019-09-20T10:47:51","date_gmt":"2019-09-20T08:47:51","guid":{"rendered":"https:\/\/mumm-mg.de\/sausewind\/?p=2196"},"modified":"2019-10-01T11:13:08","modified_gmt":"2019-10-01T09:13:08","slug":"apfelsaft-hergestellt-vom-sausewind","status":"publish","type":"post","link":"https:\/\/mumm-mg.de\/sausewind\/2019\/09\/20\/apfelsaft-hergestellt-vom-sausewind\/","title":{"rendered":"Apfelsaft hergestellt vom Sausewind"},"content":{"rendered":"<p><img loading=\"lazy\" decoding=\"async\" class=\"size-medium wp-image-2175 alignleft\" src=\"https:\/\/mumm-mg.de\/sausewind\/wp-content\/uploads\/sites\/5\/2019\/10\/Apfelwiese-paint-300x225.jpg\" alt=\"\" width=\"300\" height=\"225\" \/>Heute haben wir die Apfelwiese in Bonnenbroich besucht.<br \/>\nMit dem Bus ging es morgens um 9:00 Uhr zur Apfelwiese. ,,Was machen wir da?&#8220;, fragten sich einige Kinder. Viele verschieden Vermutungen wurden dazu angestellt. Als wir nun endlich an der Apfelwiese ankamen und klar war, dass es kein Spielplatz ist, war die Freude dennoch gro\u00df. Das Thema war, wir Pressen unseren eigenen Apfelsaft.<br \/>\nNun mussten erstmal die \u00c4pfel von den vielen \u00c4pelb\u00e4ume gepfl\u00fcckt werden. Nach dieser T\u00e4tigkeit, brauchten wir erstmal eine Fr\u00fchst\u00fcckspause!<br \/>\nGut gest\u00e4rkt ging es nun weiter ans Werk. Die \u00c4pfel mussten nun gewaschen und gehexelt werden.<br \/>\nDer n\u00e4chste Schritt war dann, die gehexelten \u00c4pfel in der Presse zu Apfelsaft pressen.<br \/>\nFertig&#8230;und wie gut er schmeckt!<\/p>\n<p><img loading=\"lazy\" decoding=\"async\" class=\"alignnone size-medium wp-image-2174\" src=\"https:\/\/mumm-mg.de\/sausewind\/wp-content\/uploads\/sites\/5\/2019\/10\/Apfelwiese-2-paint-300x225.jpg\" alt=\"\" width=\"300\" height=\"225\" \/><\/p>\n","protected":false},"excerpt":{"rendered":"<p>Heute haben wir die Apfelwiese in Bonnenbroich besucht. Mit dem Bus ging es morgens um 9:00 Uhr zur Apfelwiese. ,,Was machen wir da?&#8220;, fragten sich einige Kinder. Viele verschieden Vermutungen wurden dazu angestellt. Als wir nun endlich an der Apfelwiese ankamen und klar war, dass es kein Spielplatz ist, war die Freude dennoch gro\u00df. Das [&hellip;]<\/p>\n","protected":false},"author":8,"featured_media":0,"comment_status":"closed","ping_status":"closed","sticky":false,"template":"","format":"standard","meta":{"_et_pb_use_builder":"","_et_pb_old_content":"","_et_gb_content_width":"","footnotes":""},"categories":[1],"tags":[],"_links":{"self":[{"href":"https:\/\/mumm-mg.de\/sausewind\/wp-json\/wp\/v2\/posts\/2196"}],"collection":[{"href":"https:\/\/mumm-mg.de\/sausewind\/wp-json\/wp\/v2\/posts"}],"about":[{"href":"https:\/\/mumm-mg.de\/sausewind\/wp-json\/wp\/v2\/types\/post"}],"author":[{"embeddable":true,"href":"https:\/\/mumm-mg.de\/sausewind\/wp-json\/wp\/v2\/users\/8"}],"replies":[{"embeddable":true,"href":"https:\/\/mumm-mg.de\/sausewind\/wp-json\/wp\/v2\/comments?post=2196"}],"version-history":[{"count":1,"href":"https:\/\/mumm-mg.de\/sausewind\/wp-json\/wp\/v2\/posts\/2196\/revisions"}],"predecessor-version":[{"id":2197,"href":"https:\/\/mumm-mg.de\/sausewind\/wp-json\/wp\/v2\/posts\/2196\/revisions\/2197"}],"wp:attachment":[{"href":"https:\/\/mumm-mg.de\/sausewind\/wp-json\/wp\/v2\/media?parent=2196"}],"wp:term":[{"taxonomy":"category","embeddable":true,"href":"https:\/\/mumm-mg.de\/sausewind\/wp-json\/wp\/v2\/categories?post=2196"},{"taxonomy":"post_tag","embeddable":true,"href":"https:\/\/mumm-mg.de\/sausewind\/wp-json\/wp\/v2\/tags?post=2196"}],"curies":[{"name":"wp","href":"https:\/\/api.w.org\/{rel}","templated":true}]}}