{"id":2652,"date":"2021-08-03T14:53:42","date_gmt":"2021-08-03T12:53:42","guid":{"rendered":"https:\/\/mumm-mg.de\/sausewind\/?p=2652"},"modified":"2021-08-03T15:03:33","modified_gmt":"2021-08-03T13:03:33","slug":"ich-verlasse-den-sausewind","status":"publish","type":"post","link":"https:\/\/mumm-mg.de\/sausewind\/2021\/08\/03\/ich-verlasse-den-sausewind\/","title":{"rendered":"Ich verlasse den Sausewind"},"content":{"rendered":"<p><img loading=\"lazy\" decoding=\"async\" class=\"size-medium wp-image-2527 alignleft\" src=\"https:\/\/mumm-mg.de\/sausewind\/wp-content\/uploads\/sites\/5\/2021\/02\/Marcel-200x300.jpg\" alt=\"\" width=\"200\" height=\"300\" srcset=\"https:\/\/mumm-mg.de\/sausewind\/wp-content\/uploads\/sites\/5\/2021\/02\/Marcel-200x300.jpg 200w, https:\/\/mumm-mg.de\/sausewind\/wp-content\/uploads\/sites\/5\/2021\/02\/Marcel.jpg 400w\" sizes=\"(max-width: 200px) 100vw, 200px\" \/><\/p>\n<p><span style=\"font-weight: 400\">Liebe Kinder, liebe Eltern<\/span><\/p>\n<p>Nach 7 Jahren Sausewind, werde ich ab dem 16.08.2021 zum Mummk\u00e4ppchen wechseln.<\/p>\n<p>Ich bedanke mich f\u00fcr die tolle Zusammenarbeit und w\u00fcnsche Ihnen alles Gute!<\/p>\n<p>TSCH\u00dcSS und viele Gr\u00fc\u00dfe Marcel<\/p>\n","protected":false},"excerpt":{"rendered":"<p>Liebe Kinder, liebe Eltern Nach 7 Jahren Sausewind, werde ich ab dem 16.08.2021 zum Mummk\u00e4ppchen wechseln. Ich bedanke mich f\u00fcr die tolle Zusammenarbeit und w\u00fcnsche Ihnen alles Gute! TSCH\u00dcSS und viele Gr\u00fc\u00dfe Marcel<\/p>\n","protected":false},"author":8,"featured_media":0,"comment_status":"closed","ping_status":"closed","sticky":false,"template":"","format":"standard","meta":{"_et_pb_use_builder":"","_et_pb_old_content":"","_et_gb_content_width":"","footnotes":""},"categories":[1],"tags":[],"_links":{"self":[{"href":"https:\/\/mumm-mg.de\/sausewind\/wp-json\/wp\/v2\/posts\/2652"}],"collection":[{"href":"https:\/\/mumm-mg.de\/sausewind\/wp-json\/wp\/v2\/posts"}],"about":[{"href":"https:\/\/mumm-mg.de\/sausewind\/wp-json\/wp\/v2\/types\/post"}],"author":[{"embeddable":true,"href":"https:\/\/mumm-mg.de\/sausewind\/wp-json\/wp\/v2\/users\/8"}],"replies":[{"embeddable":true,"href":"https:\/\/mumm-mg.de\/sausewind\/wp-json\/wp\/v2\/comments?post=2652"}],"version-history":[{"count":2,"href":"https:\/\/mumm-mg.de\/sausewind\/wp-json\/wp\/v2\/posts\/2652\/revisions"}],"predecessor-version":[{"id":2657,"href":"https:\/\/mumm-mg.de\/sausewind\/wp-json\/wp\/v2\/posts\/2652\/revisions\/2657"}],"wp:attachment":[{"href":"https:\/\/mumm-mg.de\/sausewind\/wp-json\/wp\/v2\/media?parent=2652"}],"wp:term":[{"taxonomy":"category","embeddable":true,"href":"https:\/\/mumm-mg.de\/sausewind\/wp-json\/wp\/v2\/categories?post=2652"},{"taxonomy":"post_tag","embeddable":true,"href":"https:\/\/mumm-mg.de\/sausewind\/wp-json\/wp\/v2\/tags?post=2652"}],"curies":[{"name":"wp","href":"https:\/\/api.w.org\/{rel}","templated":true}]}}