{"id":2814,"date":"2022-03-23T10:20:23","date_gmt":"2022-03-23T09:20:23","guid":{"rendered":"https:\/\/mumm-mg.de\/sausewind\/?p=2814"},"modified":"2022-04-12T10:24:15","modified_gmt":"2022-04-12T08:24:15","slug":"waldaktion","status":"publish","type":"post","link":"https:\/\/mumm-mg.de\/sausewind\/2022\/03\/23\/waldaktion\/","title":{"rendered":"Waldaktion"},"content":{"rendered":"<p>Am 06.04.2022 wird die Waldaktion von 15:00 bis 18:00 Uhr stattfinden. Dazu kommt extra eine Waldp\u00e4dagogin und erkl\u00e4rt die vielf\u00e4ltigen Pflanzen und erkundet den ganzen Wald. Deshalb ziehen Sie wetterfeste Kleidung an, damit Sie diese Aktion genie\u00dfen k\u00f6nnen.<\/p>\n","protected":false},"excerpt":{"rendered":"<p>Am 06.04.2022 wird die Waldaktion von 15:00 bis 18:00 Uhr stattfinden. Dazu kommt extra eine Waldp\u00e4dagogin und erkl\u00e4rt die vielf\u00e4ltigen Pflanzen und erkundet den ganzen Wald. Deshalb ziehen Sie wetterfeste Kleidung an, damit Sie diese Aktion genie\u00dfen k\u00f6nnen.<\/p>\n","protected":false},"author":8,"featured_media":0,"comment_status":"closed","ping_status":"closed","sticky":false,"template":"","format":"standard","meta":{"_et_pb_use_builder":"","_et_pb_old_content":"","_et_gb_content_width":"","footnotes":""},"categories":[14],"tags":[],"_links":{"self":[{"href":"https:\/\/mumm-mg.de\/sausewind\/wp-json\/wp\/v2\/posts\/2814"}],"collection":[{"href":"https:\/\/mumm-mg.de\/sausewind\/wp-json\/wp\/v2\/posts"}],"about":[{"href":"https:\/\/mumm-mg.de\/sausewind\/wp-json\/wp\/v2\/types\/post"}],"author":[{"embeddable":true,"href":"https:\/\/mumm-mg.de\/sausewind\/wp-json\/wp\/v2\/users\/8"}],"replies":[{"embeddable":true,"href":"https:\/\/mumm-mg.de\/sausewind\/wp-json\/wp\/v2\/comments?post=2814"}],"version-history":[{"count":1,"href":"https:\/\/mumm-mg.de\/sausewind\/wp-json\/wp\/v2\/posts\/2814\/revisions"}],"predecessor-version":[{"id":2815,"href":"https:\/\/mumm-mg.de\/sausewind\/wp-json\/wp\/v2\/posts\/2814\/revisions\/2815"}],"wp:attachment":[{"href":"https:\/\/mumm-mg.de\/sausewind\/wp-json\/wp\/v2\/media?parent=2814"}],"wp:term":[{"taxonomy":"category","embeddable":true,"href":"https:\/\/mumm-mg.de\/sausewind\/wp-json\/wp\/v2\/categories?post=2814"},{"taxonomy":"post_tag","embeddable":true,"href":"https:\/\/mumm-mg.de\/sausewind\/wp-json\/wp\/v2\/tags?post=2814"}],"curies":[{"name":"wp","href":"https:\/\/api.w.org\/{rel}","templated":true}]}}