{"id":2869,"date":"2022-05-10T09:02:06","date_gmt":"2022-05-10T07:02:06","guid":{"rendered":"https:\/\/mumm-mg.de\/sausewind\/?p=2869"},"modified":"2022-05-10T09:03:08","modified_gmt":"2022-05-10T07:03:08","slug":"familienaktion","status":"publish","type":"post","link":"https:\/\/mumm-mg.de\/sausewind\/2022\/05\/10\/familienaktion\/","title":{"rendered":"Familienaktion"},"content":{"rendered":"<p>Liebe Eltern,<\/p>\n<p>Wir m\u00f6chten Sie zur Familienaktion am 20.05 von 15:30 Uhr bis 17:30 Uhr einladen. Wir starten im Garten der Kita, machen dann eine kleine Rallye durch Eicken und treffen uns zu einem gemeinsamen Abschluss. Dazu bringen Sie bitte Becher oder Tassen und eine Picknickdecke mit. F\u00fcr Getr\u00e4nke und einen kleinen Snack sorgen wir. Die Liste zum Eintragen h\u00e4ngt im Eingang. Die Aktion findet nur bei trockenem Wetter statt, Sie werden einen Tag vorher Informiert. Wir freuen uns sehr, endlich wieder eine Familienaktion durchf\u00fchren zu k\u00f6nnen.<\/p>\n","protected":false},"excerpt":{"rendered":"<p>Liebe Eltern, Wir m\u00f6chten Sie zur Familienaktion am 20.05 von 15:30 Uhr bis 17:30 Uhr einladen. Wir starten im Garten der Kita, machen dann eine kleine Rallye durch Eicken und treffen uns zu einem gemeinsamen Abschluss. Dazu bringen Sie bitte Becher oder Tassen und eine Picknickdecke mit. F\u00fcr Getr\u00e4nke und einen kleinen Snack sorgen wir. [&hellip;]<\/p>\n","protected":false},"author":8,"featured_media":0,"comment_status":"closed","ping_status":"closed","sticky":false,"template":"","format":"standard","meta":{"_et_pb_use_builder":"","_et_pb_old_content":"","_et_gb_content_width":"","footnotes":""},"categories":[14],"tags":[],"_links":{"self":[{"href":"https:\/\/mumm-mg.de\/sausewind\/wp-json\/wp\/v2\/posts\/2869"}],"collection":[{"href":"https:\/\/mumm-mg.de\/sausewind\/wp-json\/wp\/v2\/posts"}],"about":[{"href":"https:\/\/mumm-mg.de\/sausewind\/wp-json\/wp\/v2\/types\/post"}],"author":[{"embeddable":true,"href":"https:\/\/mumm-mg.de\/sausewind\/wp-json\/wp\/v2\/users\/8"}],"replies":[{"embeddable":true,"href":"https:\/\/mumm-mg.de\/sausewind\/wp-json\/wp\/v2\/comments?post=2869"}],"version-history":[{"count":1,"href":"https:\/\/mumm-mg.de\/sausewind\/wp-json\/wp\/v2\/posts\/2869\/revisions"}],"predecessor-version":[{"id":2870,"href":"https:\/\/mumm-mg.de\/sausewind\/wp-json\/wp\/v2\/posts\/2869\/revisions\/2870"}],"wp:attachment":[{"href":"https:\/\/mumm-mg.de\/sausewind\/wp-json\/wp\/v2\/media?parent=2869"}],"wp:term":[{"taxonomy":"category","embeddable":true,"href":"https:\/\/mumm-mg.de\/sausewind\/wp-json\/wp\/v2\/categories?post=2869"},{"taxonomy":"post_tag","embeddable":true,"href":"https:\/\/mumm-mg.de\/sausewind\/wp-json\/wp\/v2\/tags?post=2869"}],"curies":[{"name":"wp","href":"https:\/\/api.w.org\/{rel}","templated":true}]}}