{"id":2871,"date":"2022-05-02T09:03:20","date_gmt":"2022-05-02T07:03:20","guid":{"rendered":"https:\/\/mumm-mg.de\/sausewind\/?p=2871"},"modified":"2022-05-10T09:04:42","modified_gmt":"2022-05-10T07:04:42","slug":"sie-duerfen-wieder-in-die-kita","status":"publish","type":"post","link":"https:\/\/mumm-mg.de\/sausewind\/2022\/05\/02\/sie-duerfen-wieder-in-die-kita\/","title":{"rendered":"Sie d\u00fcrfen wieder in die Kita!"},"content":{"rendered":"<p>Wir m\u00f6chten Sie ab dem 09.05 zum Abholen wieder in die Kita bitten. Da unsere Flure so eng sind und Abstandhalten nicht m\u00f6glich, bleibt vorerst die Maskenpflicht bestehen. Wir w\u00fcrden Sie auch bitten die Kinder an der Gruppent\u00fcre abzuholen. Falls Sie an der Garderobe ein Ausrufezeichen finden, sprechen Sie bitte die Mitarbeiter in der Baukiste an, dort ist alles wichtige notiert und Sie werden informiert. Bitte schauen Sie auch mal im Flur in unsere gr\u00fcne Pfundkiste, die quillt \u00fcber.<\/p>\n","protected":false},"excerpt":{"rendered":"<p>Wir m\u00f6chten Sie ab dem 09.05 zum Abholen wieder in die Kita bitten. Da unsere Flure so eng sind und Abstandhalten nicht m\u00f6glich, bleibt vorerst die Maskenpflicht bestehen. Wir w\u00fcrden Sie auch bitten die Kinder an der Gruppent\u00fcre abzuholen. Falls Sie an der Garderobe ein Ausrufezeichen finden, sprechen Sie bitte die Mitarbeiter in der Baukiste [&hellip;]<\/p>\n","protected":false},"author":8,"featured_media":0,"comment_status":"closed","ping_status":"closed","sticky":false,"template":"","format":"standard","meta":{"_et_pb_use_builder":"","_et_pb_old_content":"","_et_gb_content_width":"","footnotes":""},"categories":[14],"tags":[],"_links":{"self":[{"href":"https:\/\/mumm-mg.de\/sausewind\/wp-json\/wp\/v2\/posts\/2871"}],"collection":[{"href":"https:\/\/mumm-mg.de\/sausewind\/wp-json\/wp\/v2\/posts"}],"about":[{"href":"https:\/\/mumm-mg.de\/sausewind\/wp-json\/wp\/v2\/types\/post"}],"author":[{"embeddable":true,"href":"https:\/\/mumm-mg.de\/sausewind\/wp-json\/wp\/v2\/users\/8"}],"replies":[{"embeddable":true,"href":"https:\/\/mumm-mg.de\/sausewind\/wp-json\/wp\/v2\/comments?post=2871"}],"version-history":[{"count":1,"href":"https:\/\/mumm-mg.de\/sausewind\/wp-json\/wp\/v2\/posts\/2871\/revisions"}],"predecessor-version":[{"id":2872,"href":"https:\/\/mumm-mg.de\/sausewind\/wp-json\/wp\/v2\/posts\/2871\/revisions\/2872"}],"wp:attachment":[{"href":"https:\/\/mumm-mg.de\/sausewind\/wp-json\/wp\/v2\/media?parent=2871"}],"wp:term":[{"taxonomy":"category","embeddable":true,"href":"https:\/\/mumm-mg.de\/sausewind\/wp-json\/wp\/v2\/categories?post=2871"},{"taxonomy":"post_tag","embeddable":true,"href":"https:\/\/mumm-mg.de\/sausewind\/wp-json\/wp\/v2\/tags?post=2871"}],"curies":[{"name":"wp","href":"https:\/\/api.w.org\/{rel}","templated":true}]}}