{"id":2876,"date":"2022-05-02T09:07:53","date_gmt":"2022-05-02T07:07:53","guid":{"rendered":"https:\/\/mumm-mg.de\/sausewind\/?p=2876"},"modified":"2022-05-10T09:17:43","modified_gmt":"2022-05-10T07:17:43","slug":"schultueten-basteln","status":"publish","type":"post","link":"https:\/\/mumm-mg.de\/sausewind\/2022\/05\/02\/schultueten-basteln\/","title":{"rendered":"Schult\u00fcten basteln"},"content":{"rendered":"<p>Dieses Jahr laden wir Sie recht herzlich zum Schult\u00fcten basteln ein. Aufgrund der vielen Vorschulkinder bieten wir zwei Termine an. Einmal der 30.05.2022 und der 03.06.2022.<\/p>\n<p>Sie haben die M\u00f6glichkeit die Schult\u00fcte alleine zu basten, als \u00dcberraschung f\u00fcr Ihr Kind oder gemeinsam mit Ihrem Kind. Die Liste zum Eintagen h\u00e4ngt im Flur aus.<\/p>\n","protected":false},"excerpt":{"rendered":"<p>Dieses Jahr laden wir Sie recht herzlich zum Schult\u00fcten basteln ein. Aufgrund der vielen Vorschulkinder bieten wir zwei Termine an. Einmal der 30.05.2022 und der 03.06.2022. Sie haben die M\u00f6glichkeit die Schult\u00fcte alleine zu basten, als \u00dcberraschung f\u00fcr Ihr Kind oder gemeinsam mit Ihrem Kind. Die Liste zum Eintagen h\u00e4ngt im Flur aus.<\/p>\n","protected":false},"author":8,"featured_media":0,"comment_status":"closed","ping_status":"closed","sticky":false,"template":"","format":"standard","meta":{"_et_pb_use_builder":"","_et_pb_old_content":"","_et_gb_content_width":"","footnotes":""},"categories":[14],"tags":[],"_links":{"self":[{"href":"https:\/\/mumm-mg.de\/sausewind\/wp-json\/wp\/v2\/posts\/2876"}],"collection":[{"href":"https:\/\/mumm-mg.de\/sausewind\/wp-json\/wp\/v2\/posts"}],"about":[{"href":"https:\/\/mumm-mg.de\/sausewind\/wp-json\/wp\/v2\/types\/post"}],"author":[{"embeddable":true,"href":"https:\/\/mumm-mg.de\/sausewind\/wp-json\/wp\/v2\/users\/8"}],"replies":[{"embeddable":true,"href":"https:\/\/mumm-mg.de\/sausewind\/wp-json\/wp\/v2\/comments?post=2876"}],"version-history":[{"count":1,"href":"https:\/\/mumm-mg.de\/sausewind\/wp-json\/wp\/v2\/posts\/2876\/revisions"}],"predecessor-version":[{"id":2877,"href":"https:\/\/mumm-mg.de\/sausewind\/wp-json\/wp\/v2\/posts\/2876\/revisions\/2877"}],"wp:attachment":[{"href":"https:\/\/mumm-mg.de\/sausewind\/wp-json\/wp\/v2\/media?parent=2876"}],"wp:term":[{"taxonomy":"category","embeddable":true,"href":"https:\/\/mumm-mg.de\/sausewind\/wp-json\/wp\/v2\/categories?post=2876"},{"taxonomy":"post_tag","embeddable":true,"href":"https:\/\/mumm-mg.de\/sausewind\/wp-json\/wp\/v2\/tags?post=2876"}],"curies":[{"name":"wp","href":"https:\/\/api.w.org\/{rel}","templated":true}]}}