{"id":2942,"date":"2022-09-01T09:42:08","date_gmt":"2022-09-01T07:42:08","guid":{"rendered":"https:\/\/mumm-mg.de\/sausewind\/?p=2942"},"modified":"2022-09-13T09:45:25","modified_gmt":"2022-09-13T07:45:25","slug":"workshop-schlafberatung","status":"publish","type":"post","link":"https:\/\/mumm-mg.de\/sausewind\/2022\/09\/01\/workshop-schlafberatung\/","title":{"rendered":"Workshop &#8222;Schlafberatung&#8220;"},"content":{"rendered":"<p style=\"font-weight: 400\">\u00dcber das Bundesaktionsprogramm \u201eAufholen nach Corona 2022 Fr\u00fche Hilfen\u201c wurden drei Workshops f\u00fcr (werdenden) Eltern mit Babys und Kleinkindern zum Thema \u201eSchlafberatung\u201c eingekauft.<\/p>\n<p style=\"font-weight: 400\">Die drei Workshops beinhalten Grundlagen zum Baby- und Kleinkindschlaf, Schlafgewohnheiten und bieten einen Austausch zwischen den (werdenden) Eltern und der Schlafberaterin an.<\/p>\n<p style=\"font-weight: 400\">Termine:<\/p>\n<ul>\n<li style=\"font-weight: 400\">06.09.2022 von 17.00 \u2013 19.00 Uhr<\/li>\n<li style=\"font-weight: 400\">04.10.2022 von 17.00 \u00a0&#8211; 19.00 Uhr<\/li>\n<li style=\"font-weight: 400\">11.10.2022 von 17.00 \u2013 18.30 Uhr<\/li>\n<\/ul>\n<p style=\"font-weight: 400\">\n<p style=\"font-weight: 400\">Ort:<\/p>\n<p style=\"font-weight: 400\">Hebammenst\u00fcbchen K\u00f6lner Str. 23 in 41199 M\u00f6nchengladbach<\/p>\n<p style=\"font-weight: 400\">Referentin ist Anne-Kathrin Legeit-Fidomski (Kindheitsp\u00e4dagogin, Schlafberaterin und Stillberaterin). Das Angebot ist f\u00fcr (werdende) Eltern kostenlos bei Bedarf k\u00f6nnen die Babys mitgebracht werden.<\/p>\n<p style=\"font-weight: 400\">Die Anmeldung erfolgt \u00fcber\u00a0<a href=\"mailto:info@herzsprung-familienbegleitung.de\">info@herzsprung-familienbegleitung.de<\/a><\/p>\n<p><img loading=\"lazy\" decoding=\"async\" class=\"alignnone size-medium wp-image-2943\" src=\"https:\/\/mumm-mg.de\/sausewind\/wp-content\/uploads\/sites\/5\/2022\/09\/IMG_2797-173x300.jpg\" alt=\"\" width=\"173\" height=\"300\" \/><\/p>\n<p style=\"font-weight: 400\">\n","protected":false},"excerpt":{"rendered":"<p>\u00dcber das Bundesaktionsprogramm \u201eAufholen nach Corona 2022 Fr\u00fche Hilfen\u201c wurden drei Workshops f\u00fcr (werdenden) Eltern mit Babys und Kleinkindern zum Thema \u201eSchlafberatung\u201c eingekauft. Die drei Workshops beinhalten Grundlagen zum Baby- und Kleinkindschlaf, Schlafgewohnheiten und bieten einen Austausch zwischen den (werdenden) Eltern und der Schlafberaterin an. Termine: 06.09.2022 von 17.00 \u2013 19.00 Uhr 04.10.2022 von 17.00 [&hellip;]<\/p>\n","protected":false},"author":8,"featured_media":0,"comment_status":"closed","ping_status":"closed","sticky":false,"template":"","format":"standard","meta":{"_et_pb_use_builder":"","_et_pb_old_content":"","_et_gb_content_width":"","footnotes":""},"categories":[14],"tags":[],"_links":{"self":[{"href":"https:\/\/mumm-mg.de\/sausewind\/wp-json\/wp\/v2\/posts\/2942"}],"collection":[{"href":"https:\/\/mumm-mg.de\/sausewind\/wp-json\/wp\/v2\/posts"}],"about":[{"href":"https:\/\/mumm-mg.de\/sausewind\/wp-json\/wp\/v2\/types\/post"}],"author":[{"embeddable":true,"href":"https:\/\/mumm-mg.de\/sausewind\/wp-json\/wp\/v2\/users\/8"}],"replies":[{"embeddable":true,"href":"https:\/\/mumm-mg.de\/sausewind\/wp-json\/wp\/v2\/comments?post=2942"}],"version-history":[{"count":1,"href":"https:\/\/mumm-mg.de\/sausewind\/wp-json\/wp\/v2\/posts\/2942\/revisions"}],"predecessor-version":[{"id":2944,"href":"https:\/\/mumm-mg.de\/sausewind\/wp-json\/wp\/v2\/posts\/2942\/revisions\/2944"}],"wp:attachment":[{"href":"https:\/\/mumm-mg.de\/sausewind\/wp-json\/wp\/v2\/media?parent=2942"}],"wp:term":[{"taxonomy":"category","embeddable":true,"href":"https:\/\/mumm-mg.de\/sausewind\/wp-json\/wp\/v2\/categories?post=2942"},{"taxonomy":"post_tag","embeddable":true,"href":"https:\/\/mumm-mg.de\/sausewind\/wp-json\/wp\/v2\/tags?post=2942"}],"curies":[{"name":"wp","href":"https:\/\/api.w.org\/{rel}","templated":true}]}}