{"id":2999,"date":"2023-04-03T14:40:38","date_gmt":"2023-04-03T12:40:38","guid":{"rendered":"https:\/\/mumm-mg.de\/sausewind\/?p=2999"},"modified":"2023-04-13T14:47:21","modified_gmt":"2023-04-13T12:47:21","slug":"resilienzcafe","status":"publish","type":"post","link":"https:\/\/mumm-mg.de\/sausewind\/2023\/04\/03\/resilienzcafe\/","title":{"rendered":"Resilienzcaf\u00e9"},"content":{"rendered":"<p>Sie wollen mit anderen Eltern in den Austausch gehen, gemeinsame Erlebnisse mit lhrem Kind schaffen, etwas Kraft tanken und Strategien kennen lernen um t\u00e4glich kleine Momente der Ruhe zu finden?<\/p>\n<p>Dann sind Sie in unserem Resilienzcaf\u00e9 genau richtig!<\/p>\n<p>Wir finden gemeinsam Wege der Selbstf\u00fcrsorge und wie wir uns im Alltag st\u00e4rken k\u00f6nnen. Wir geben ldeen und Tipps zu verschiedenen Methoden und Techniken zur St\u00e4rkung der Resilienz.<\/p>\n<p>Wir laden Sie zu einem entspannten Miteinander ein, an folgenden Tagen, jeweils ab 16.00 Uhr:<\/p>\n<p>-18.04.2023<\/p>\n<p>-30.05.2023<\/p>\n<p>-02.05.2023<\/p>\n<p>-13.06.2023<\/p>\n<p>-16.05.2023<\/p>\n<p>Ort: Familienzentrum MummPitz, Geneickenerstr. 80, 41238 MG (gegen\u00fcber vom Maarplatz)<\/p>\n<p>Sonstiges: Ihre Kinder sind herzlich willkommen und d\u00fcrfen das Gel\u00e4nde bespielen. Dieses Angebot ist f\u00fcr Sie kostenlos und unverbindlich<\/p>\n<p>Wir freuen uns auf Sie! Die Anmeldung ist in dieser Einrichtung m\u00f6glich.<\/p>\n<p><img loading=\"lazy\" decoding=\"async\" class=\"alignnone size-medium wp-image-3000\" src=\"https:\/\/mumm-mg.de\/sausewind\/wp-content\/uploads\/sites\/5\/2023\/04\/Screenshot_20230413_144538_Gallery-224x300.jpg\" alt=\"\" width=\"224\" height=\"300\" \/><\/p>\n","protected":false},"excerpt":{"rendered":"<p>Sie wollen mit anderen Eltern in den Austausch gehen, gemeinsame Erlebnisse mit lhrem Kind schaffen, etwas Kraft tanken und Strategien kennen lernen um t\u00e4glich kleine Momente der Ruhe zu finden? Dann sind Sie in unserem Resilienzcaf\u00e9 genau richtig! Wir finden gemeinsam Wege der Selbstf\u00fcrsorge und wie wir uns im Alltag st\u00e4rken k\u00f6nnen. Wir geben ldeen [&hellip;]<\/p>\n","protected":false},"author":8,"featured_media":0,"comment_status":"closed","ping_status":"closed","sticky":false,"template":"","format":"standard","meta":{"_et_pb_use_builder":"","_et_pb_old_content":"","_et_gb_content_width":"","footnotes":""},"categories":[1,14],"tags":[],"_links":{"self":[{"href":"https:\/\/mumm-mg.de\/sausewind\/wp-json\/wp\/v2\/posts\/2999"}],"collection":[{"href":"https:\/\/mumm-mg.de\/sausewind\/wp-json\/wp\/v2\/posts"}],"about":[{"href":"https:\/\/mumm-mg.de\/sausewind\/wp-json\/wp\/v2\/types\/post"}],"author":[{"embeddable":true,"href":"https:\/\/mumm-mg.de\/sausewind\/wp-json\/wp\/v2\/users\/8"}],"replies":[{"embeddable":true,"href":"https:\/\/mumm-mg.de\/sausewind\/wp-json\/wp\/v2\/comments?post=2999"}],"version-history":[{"count":1,"href":"https:\/\/mumm-mg.de\/sausewind\/wp-json\/wp\/v2\/posts\/2999\/revisions"}],"predecessor-version":[{"id":3001,"href":"https:\/\/mumm-mg.de\/sausewind\/wp-json\/wp\/v2\/posts\/2999\/revisions\/3001"}],"wp:attachment":[{"href":"https:\/\/mumm-mg.de\/sausewind\/wp-json\/wp\/v2\/media?parent=2999"}],"wp:term":[{"taxonomy":"category","embeddable":true,"href":"https:\/\/mumm-mg.de\/sausewind\/wp-json\/wp\/v2\/categories?post=2999"},{"taxonomy":"post_tag","embeddable":true,"href":"https:\/\/mumm-mg.de\/sausewind\/wp-json\/wp\/v2\/tags?post=2999"}],"curies":[{"name":"wp","href":"https:\/\/api.w.org\/{rel}","templated":true}]}}