{"id":3089,"date":"2023-05-23T08:10:33","date_gmt":"2023-05-23T06:10:33","guid":{"rendered":"https:\/\/mumm-mg.de\/sausewind\/?p=3089"},"modified":"2023-05-23T08:10:33","modified_gmt":"2023-05-23T06:10:33","slug":"schultueten-basteln-2","status":"publish","type":"post","link":"https:\/\/mumm-mg.de\/sausewind\/2023\/05\/23\/schultueten-basteln-2\/","title":{"rendered":"Schult\u00fcten basteln"},"content":{"rendered":"<p>Auch dieses Jahr bieten wir f\u00fcr unsere Vorschulkinder Schult\u00fctenbasteln an.<\/p>\n<p>Dazu gibt es zwei Termine:<\/p>\n<p>12.06.2023 um 14:30 Uhr und 26.05.2023 um 14:30 Uhr.<\/p>\n<p>An diesen beiden Tagen haben die Kinder die M\u00f6glichkeit ihre Schult\u00fcte gemeinsam mit ihren Eltern zu gestalten.<\/p>\n<p><img loading=\"lazy\" decoding=\"async\" class=\"alignnone size-medium wp-image-3090\" src=\"https:\/\/mumm-mg.de\/sausewind\/wp-content\/uploads\/sites\/5\/2023\/05\/Screenshot_20230523_080911_Gallery-214x300.jpg\" alt=\"\" width=\"214\" height=\"300\" \/><\/p>\n","protected":false},"excerpt":{"rendered":"<p>Auch dieses Jahr bieten wir f\u00fcr unsere Vorschulkinder Schult\u00fctenbasteln an. Dazu gibt es zwei Termine: 12.06.2023 um 14:30 Uhr und 26.05.2023 um 14:30 Uhr. An diesen beiden Tagen haben die Kinder die M\u00f6glichkeit ihre Schult\u00fcte gemeinsam mit ihren Eltern zu gestalten.<\/p>\n","protected":false},"author":8,"featured_media":0,"comment_status":"closed","ping_status":"closed","sticky":false,"template":"","format":"standard","meta":{"_et_pb_use_builder":"","_et_pb_old_content":"","_et_gb_content_width":"","footnotes":""},"categories":[14],"tags":[],"_links":{"self":[{"href":"https:\/\/mumm-mg.de\/sausewind\/wp-json\/wp\/v2\/posts\/3089"}],"collection":[{"href":"https:\/\/mumm-mg.de\/sausewind\/wp-json\/wp\/v2\/posts"}],"about":[{"href":"https:\/\/mumm-mg.de\/sausewind\/wp-json\/wp\/v2\/types\/post"}],"author":[{"embeddable":true,"href":"https:\/\/mumm-mg.de\/sausewind\/wp-json\/wp\/v2\/users\/8"}],"replies":[{"embeddable":true,"href":"https:\/\/mumm-mg.de\/sausewind\/wp-json\/wp\/v2\/comments?post=3089"}],"version-history":[{"count":1,"href":"https:\/\/mumm-mg.de\/sausewind\/wp-json\/wp\/v2\/posts\/3089\/revisions"}],"predecessor-version":[{"id":3091,"href":"https:\/\/mumm-mg.de\/sausewind\/wp-json\/wp\/v2\/posts\/3089\/revisions\/3091"}],"wp:attachment":[{"href":"https:\/\/mumm-mg.de\/sausewind\/wp-json\/wp\/v2\/media?parent=3089"}],"wp:term":[{"taxonomy":"category","embeddable":true,"href":"https:\/\/mumm-mg.de\/sausewind\/wp-json\/wp\/v2\/categories?post=3089"},{"taxonomy":"post_tag","embeddable":true,"href":"https:\/\/mumm-mg.de\/sausewind\/wp-json\/wp\/v2\/tags?post=3089"}],"curies":[{"name":"wp","href":"https:\/\/api.w.org\/{rel}","templated":true}]}}