{"id":3226,"date":"2024-06-22T09:00:29","date_gmt":"2024-06-22T07:00:29","guid":{"rendered":"https:\/\/mumm-mg.de\/sausewind\/?p=3226"},"modified":"2024-07-09T09:10:23","modified_gmt":"2024-07-09T07:10:23","slug":"multi-kulti-fest-im-sausewind","status":"publish","type":"post","link":"https:\/\/mumm-mg.de\/sausewind\/2024\/06\/22\/multi-kulti-fest-im-sausewind\/","title":{"rendered":"Multi-Kulti Fest im Sausewind"},"content":{"rendered":"<p>Am Samstag den, 22.06.2024 findet unser Multi-Kulti Fest statt. Durch verschiedene Aktionen, wie zum Beispiel Vorlesen und Singen in verschiedenen Sprachen kamen wir einigen Kulturen und L\u00e4ndern viel n\u00e4her. In unserem multi kulturellen Buffet hatten wir die Chance verschiedene Speisen der vielen Kulturen und L\u00e4nder zu probieren.<\/p>\n","protected":false},"excerpt":{"rendered":"<p>Am Samstag den, 22.06.2024 findet unser Multi-Kulti Fest statt. Durch verschiedene Aktionen, wie zum Beispiel Vorlesen und Singen in verschiedenen Sprachen kamen wir einigen Kulturen und L\u00e4ndern viel n\u00e4her. In unserem multi kulturellen Buffet hatten wir die Chance verschiedene Speisen der vielen Kulturen und L\u00e4nder zu probieren.<\/p>\n","protected":false},"author":8,"featured_media":0,"comment_status":"closed","ping_status":"closed","sticky":false,"template":"","format":"standard","meta":{"_et_pb_use_builder":"","_et_pb_old_content":"","_et_gb_content_width":"","footnotes":""},"categories":[1,14],"tags":[],"_links":{"self":[{"href":"https:\/\/mumm-mg.de\/sausewind\/wp-json\/wp\/v2\/posts\/3226"}],"collection":[{"href":"https:\/\/mumm-mg.de\/sausewind\/wp-json\/wp\/v2\/posts"}],"about":[{"href":"https:\/\/mumm-mg.de\/sausewind\/wp-json\/wp\/v2\/types\/post"}],"author":[{"embeddable":true,"href":"https:\/\/mumm-mg.de\/sausewind\/wp-json\/wp\/v2\/users\/8"}],"replies":[{"embeddable":true,"href":"https:\/\/mumm-mg.de\/sausewind\/wp-json\/wp\/v2\/comments?post=3226"}],"version-history":[{"count":1,"href":"https:\/\/mumm-mg.de\/sausewind\/wp-json\/wp\/v2\/posts\/3226\/revisions"}],"predecessor-version":[{"id":3227,"href":"https:\/\/mumm-mg.de\/sausewind\/wp-json\/wp\/v2\/posts\/3226\/revisions\/3227"}],"wp:attachment":[{"href":"https:\/\/mumm-mg.de\/sausewind\/wp-json\/wp\/v2\/media?parent=3226"}],"wp:term":[{"taxonomy":"category","embeddable":true,"href":"https:\/\/mumm-mg.de\/sausewind\/wp-json\/wp\/v2\/categories?post=3226"},{"taxonomy":"post_tag","embeddable":true,"href":"https:\/\/mumm-mg.de\/sausewind\/wp-json\/wp\/v2\/tags?post=3226"}],"curies":[{"name":"wp","href":"https:\/\/api.w.org\/{rel}","templated":true}]}}