{"id":848,"date":"2018-11-27T10:42:27","date_gmt":"2018-11-27T09:42:27","guid":{"rendered":"https:\/\/mumm-mg.de\/sausewind\/?p=848"},"modified":"2018-11-27T10:42:27","modified_gmt":"2018-11-27T09:42:27","slug":"der-abenteuerspielplatz-in-moenchengladbach-eicken","status":"publish","type":"post","link":"https:\/\/mumm-mg.de\/sausewind\/2018\/11\/27\/der-abenteuerspielplatz-in-moenchengladbach-eicken\/","title":{"rendered":"Der Abenteuerspielplatz in M\u00f6nchengladbach Eicken"},"content":{"rendered":"<p>Wir Besuchen in Regelm\u00e4\u00dfigen Abst\u00e4nden den <a href=\"http:\/\/www.konzenstrasse.de\/index.php?seite=start&amp;action=1\">Abenteuerspielplatz in M\u00f6nchengladbach Eicken.<\/a><\/p>\n","protected":false},"excerpt":{"rendered":"<p>Wir Besuchen in Regelm\u00e4\u00dfigen Abst\u00e4nden den Abenteuerspielplatz in M\u00f6nchengladbach Eicken.<\/p>\n","protected":false},"author":8,"featured_media":0,"comment_status":"closed","ping_status":"closed","sticky":false,"template":"","format":"standard","meta":{"_et_pb_use_builder":"","_et_pb_old_content":"","_et_gb_content_width":"","footnotes":""},"categories":[1],"tags":[],"_links":{"self":[{"href":"https:\/\/mumm-mg.de\/sausewind\/wp-json\/wp\/v2\/posts\/848"}],"collection":[{"href":"https:\/\/mumm-mg.de\/sausewind\/wp-json\/wp\/v2\/posts"}],"about":[{"href":"https:\/\/mumm-mg.de\/sausewind\/wp-json\/wp\/v2\/types\/post"}],"author":[{"embeddable":true,"href":"https:\/\/mumm-mg.de\/sausewind\/wp-json\/wp\/v2\/users\/8"}],"replies":[{"embeddable":true,"href":"https:\/\/mumm-mg.de\/sausewind\/wp-json\/wp\/v2\/comments?post=848"}],"version-history":[{"count":1,"href":"https:\/\/mumm-mg.de\/sausewind\/wp-json\/wp\/v2\/posts\/848\/revisions"}],"predecessor-version":[{"id":849,"href":"https:\/\/mumm-mg.de\/sausewind\/wp-json\/wp\/v2\/posts\/848\/revisions\/849"}],"wp:attachment":[{"href":"https:\/\/mumm-mg.de\/sausewind\/wp-json\/wp\/v2\/media?parent=848"}],"wp:term":[{"taxonomy":"category","embeddable":true,"href":"https:\/\/mumm-mg.de\/sausewind\/wp-json\/wp\/v2\/categories?post=848"},{"taxonomy":"post_tag","embeddable":true,"href":"https:\/\/mumm-mg.de\/sausewind\/wp-json\/wp\/v2\/tags?post=848"}],"curies":[{"name":"wp","href":"https:\/\/api.w.org\/{rel}","templated":true}]}}