{"id":900,"date":"2019-02-25T12:24:14","date_gmt":"2019-02-25T11:24:14","guid":{"rendered":"https:\/\/mumm-mg.de\/sausewind\/?p=900"},"modified":"2019-02-26T12:33:00","modified_gmt":"2019-02-26T11:33:00","slug":"besuch-bei-den-waldmeister","status":"publish","type":"post","link":"https:\/\/mumm-mg.de\/sausewind\/2019\/02\/25\/besuch-bei-den-waldmeister\/","title":{"rendered":"Besuch bei den Waldmeister"},"content":{"rendered":"<p>Heute haben wir Naturtag und haben uns vorgenommen unseren alten Erzieher Frank bei den Waldmeistern zu besuchen. Frank hat uns seine Einrichtung und seinen Wald gezeigt, wo er nun seit mehreren Wochen arbeitet. Wir haben gemeinsam gefr\u00fchst\u00fcckt und sp\u00e4ter den Hardter Wald erkundet.<img loading=\"lazy\" decoding=\"async\" class=\"size-medium wp-image-902 alignleft\" src=\"https:\/\/mumm-mg.de\/sausewind\/wp-content\/uploads\/sites\/5\/2019\/02\/Waldmeister-300x238.jpg\" alt=\"\" width=\"300\" height=\"238\" \/><\/p>\n","protected":false},"excerpt":{"rendered":"<p>Heute haben wir Naturtag und haben uns vorgenommen unseren alten Erzieher Frank bei den Waldmeistern zu besuchen. Frank hat uns seine Einrichtung und seinen Wald gezeigt, wo er nun seit mehreren Wochen arbeitet. Wir haben gemeinsam gefr\u00fchst\u00fcckt und sp\u00e4ter den Hardter Wald erkundet.<\/p>\n","protected":false},"author":8,"featured_media":0,"comment_status":"closed","ping_status":"closed","sticky":false,"template":"","format":"standard","meta":{"_et_pb_use_builder":"","_et_pb_old_content":"","_et_gb_content_width":"","footnotes":""},"categories":[1],"tags":[],"_links":{"self":[{"href":"https:\/\/mumm-mg.de\/sausewind\/wp-json\/wp\/v2\/posts\/900"}],"collection":[{"href":"https:\/\/mumm-mg.de\/sausewind\/wp-json\/wp\/v2\/posts"}],"about":[{"href":"https:\/\/mumm-mg.de\/sausewind\/wp-json\/wp\/v2\/types\/post"}],"author":[{"embeddable":true,"href":"https:\/\/mumm-mg.de\/sausewind\/wp-json\/wp\/v2\/users\/8"}],"replies":[{"embeddable":true,"href":"https:\/\/mumm-mg.de\/sausewind\/wp-json\/wp\/v2\/comments?post=900"}],"version-history":[{"count":1,"href":"https:\/\/mumm-mg.de\/sausewind\/wp-json\/wp\/v2\/posts\/900\/revisions"}],"predecessor-version":[{"id":903,"href":"https:\/\/mumm-mg.de\/sausewind\/wp-json\/wp\/v2\/posts\/900\/revisions\/903"}],"wp:attachment":[{"href":"https:\/\/mumm-mg.de\/sausewind\/wp-json\/wp\/v2\/media?parent=900"}],"wp:term":[{"taxonomy":"category","embeddable":true,"href":"https:\/\/mumm-mg.de\/sausewind\/wp-json\/wp\/v2\/categories?post=900"},{"taxonomy":"post_tag","embeddable":true,"href":"https:\/\/mumm-mg.de\/sausewind\/wp-json\/wp\/v2\/tags?post=900"}],"curies":[{"name":"wp","href":"https:\/\/api.w.org\/{rel}","templated":true}]}}