{"id":915,"date":"2019-03-15T09:38:42","date_gmt":"2019-03-15T08:38:42","guid":{"rendered":"https:\/\/mumm-mg.de\/sausewind\/?p=915"},"modified":"2019-03-26T11:47:00","modified_gmt":"2019-03-26T10:47:00","slug":"wir-pflanzen-erdbeeren","status":"publish","type":"post","link":"https:\/\/mumm-mg.de\/sausewind\/2019\/03\/15\/wir-pflanzen-erdbeeren\/","title":{"rendered":"Wir pflanzen Erdbeeren"},"content":{"rendered":"<p><span style=\"float: none;background-color: #ffffff;color: #666666;cursor: text;font-family: 'Open Sans',Arial,sans-serif;font-size: 14px;font-style: normal;font-variant: normal;font-weight: 500;letter-spacing: normal;text-align: left;text-decoration: none;text-indent: 0px;text-transform: none\">Die ersten warmen Tage in diesem Jahr nutzen wir um unsere Erdbeeren einzupflanzen.<br \/>\nSchnell finden sich auch ein paar Kinder zusammen, die gro\u00dfes Interesse an diesem Angebot zeigen. Gemeinsam \u00fcberlegen wir, welche Gartenger\u00e4te wir f\u00fcr unsere Aktion ben\u00f6tigen. Die Gartenger\u00e4te finden sich in unseren Gartenkeller.<br \/>\nNun besprechen wir gemeinsam, welche Vorarbeiten wir durchf\u00fchren m\u00fcssen. In diesen Blumenbeet sind noch alte und kaputte Pflanzen vom letzten Jahr. Wir m\u00fcssen zuerst die alten Pflanzen und das Unkraut beseitigen und tragen dann neue Erde in unseren Blumenbeet auf. Anschlie\u00dfend m\u00f6chten wir nun die Erdbeerpflanzen einpflanzen. Nun \u00fcberlegen wir, an welcher Stelle die einzelnen Pflanzen eingepflanzt werden sollen. Daf\u00fcr graben wir kleinere L\u00f6cher und stellen die Pflanzen dort hinein und dr\u00fccken die Pflanzen an. Nun hei\u00dft es gie\u00dfen, auf den Sommer warten und hoffen das wir eine reichliche Ernte erzielen k\u00f6nnen.<\/span><\/p>\n<p><img loading=\"lazy\" decoding=\"async\" class=\"size-medium wp-image-911 alignleft\" src=\"https:\/\/mumm-mg.de\/sausewind\/wp-content\/uploads\/sites\/5\/2019\/03\/Erdbeeren-300x261.jpg\" alt=\"\" width=\"300\" height=\"261\" \/><\/p>\n","protected":false},"excerpt":{"rendered":"<p>Die ersten warmen Tage in diesem Jahr nutzen wir um unsere Erdbeeren einzupflanzen. Schnell finden sich auch ein paar Kinder zusammen, die gro\u00dfes Interesse an diesem Angebot zeigen. Gemeinsam \u00fcberlegen wir, welche Gartenger\u00e4te wir f\u00fcr unsere Aktion ben\u00f6tigen. Die Gartenger\u00e4te finden sich in unseren Gartenkeller. Nun besprechen wir gemeinsam, welche Vorarbeiten wir durchf\u00fchren m\u00fcssen. In [&hellip;]<\/p>\n","protected":false},"author":8,"featured_media":0,"comment_status":"closed","ping_status":"closed","sticky":false,"template":"","format":"standard","meta":{"_et_pb_use_builder":"","_et_pb_old_content":"","_et_gb_content_width":"","footnotes":""},"categories":[1],"tags":[],"_links":{"self":[{"href":"https:\/\/mumm-mg.de\/sausewind\/wp-json\/wp\/v2\/posts\/915"}],"collection":[{"href":"https:\/\/mumm-mg.de\/sausewind\/wp-json\/wp\/v2\/posts"}],"about":[{"href":"https:\/\/mumm-mg.de\/sausewind\/wp-json\/wp\/v2\/types\/post"}],"author":[{"embeddable":true,"href":"https:\/\/mumm-mg.de\/sausewind\/wp-json\/wp\/v2\/users\/8"}],"replies":[{"embeddable":true,"href":"https:\/\/mumm-mg.de\/sausewind\/wp-json\/wp\/v2\/comments?post=915"}],"version-history":[{"count":3,"href":"https:\/\/mumm-mg.de\/sausewind\/wp-json\/wp\/v2\/posts\/915\/revisions"}],"predecessor-version":[{"id":930,"href":"https:\/\/mumm-mg.de\/sausewind\/wp-json\/wp\/v2\/posts\/915\/revisions\/930"}],"wp:attachment":[{"href":"https:\/\/mumm-mg.de\/sausewind\/wp-json\/wp\/v2\/media?parent=915"}],"wp:term":[{"taxonomy":"category","embeddable":true,"href":"https:\/\/mumm-mg.de\/sausewind\/wp-json\/wp\/v2\/categories?post=915"},{"taxonomy":"post_tag","embeddable":true,"href":"https:\/\/mumm-mg.de\/sausewind\/wp-json\/wp\/v2\/tags?post=915"}],"curies":[{"name":"wp","href":"https:\/\/api.w.org\/{rel}","templated":true}]}}