{"id":963,"date":"2019-04-18T10:53:11","date_gmt":"2019-04-18T08:53:11","guid":{"rendered":"https:\/\/mumm-mg.de\/sausewind\/?p=963"},"modified":"2019-04-30T11:10:11","modified_gmt":"2019-04-30T09:10:11","slug":"osterzeit-in-der-kita","status":"publish","type":"post","link":"https:\/\/mumm-mg.de\/sausewind\/2019\/04\/18\/osterzeit-in-der-kita\/","title":{"rendered":"Osterzeit in der Kita"},"content":{"rendered":"\n<p>F\u00fcr unsere Osterfeier in der Kita, haben w\u00e4hrend der Mittagszeit Eier gef\u00e4rbt. Diese haben wir f\u00fcr unser Osterfr\u00fchst\u00fcck am n\u00e4chsten Tag vorbereitet.<\/p>\n<p>Zum Osterfr\u00fchst\u00fcck gibt es s\u00fc\u00dfes Brot mit Honig und Marmelade. Dazu unsere gef\u00e4rbten Eier, die von allen hei\u00df begehrt sind.<\/p>\n<p>Tradition zu unserem Osterfest ist das Eierw\u00fcrfeln. Dazu brauchen wir einen W\u00fcrfel. Mit diesem wird dann gew\u00fcrfelt und die gew\u00fcrfelte Augenzahl bestimmt \u00fcber die gewonnenen Schokoeier, die im gro\u00dfen Ostereinest versteckt sind.<\/p>\n","protected":false},"excerpt":{"rendered":"<p>F\u00fcr unsere Osterfeier in der Kita, haben w\u00e4hrend der Mittagszeit Eier gef\u00e4rbt. Diese haben wir f\u00fcr unser Osterfr\u00fchst\u00fcck am n\u00e4chsten Tag vorbereitet. Zum Osterfr\u00fchst\u00fcck gibt es s\u00fc\u00dfes Brot mit Honig und Marmelade. Dazu unsere gef\u00e4rbten Eier, die von allen hei\u00df begehrt sind. Tradition zu unserem Osterfest ist das Eierw\u00fcrfeln. Dazu brauchen wir einen W\u00fcrfel. Mit [&hellip;]<\/p>\n","protected":false},"author":8,"featured_media":0,"comment_status":"closed","ping_status":"closed","sticky":false,"template":"","format":"standard","meta":{"_et_pb_use_builder":"","_et_pb_old_content":"","_et_gb_content_width":"","footnotes":""},"categories":[1],"tags":[],"_links":{"self":[{"href":"https:\/\/mumm-mg.de\/sausewind\/wp-json\/wp\/v2\/posts\/963"}],"collection":[{"href":"https:\/\/mumm-mg.de\/sausewind\/wp-json\/wp\/v2\/posts"}],"about":[{"href":"https:\/\/mumm-mg.de\/sausewind\/wp-json\/wp\/v2\/types\/post"}],"author":[{"embeddable":true,"href":"https:\/\/mumm-mg.de\/sausewind\/wp-json\/wp\/v2\/users\/8"}],"replies":[{"embeddable":true,"href":"https:\/\/mumm-mg.de\/sausewind\/wp-json\/wp\/v2\/comments?post=963"}],"version-history":[{"count":1,"href":"https:\/\/mumm-mg.de\/sausewind\/wp-json\/wp\/v2\/posts\/963\/revisions"}],"predecessor-version":[{"id":965,"href":"https:\/\/mumm-mg.de\/sausewind\/wp-json\/wp\/v2\/posts\/963\/revisions\/965"}],"wp:attachment":[{"href":"https:\/\/mumm-mg.de\/sausewind\/wp-json\/wp\/v2\/media?parent=963"}],"wp:term":[{"taxonomy":"category","embeddable":true,"href":"https:\/\/mumm-mg.de\/sausewind\/wp-json\/wp\/v2\/categories?post=963"},{"taxonomy":"post_tag","embeddable":true,"href":"https:\/\/mumm-mg.de\/sausewind\/wp-json\/wp\/v2\/tags?post=963"}],"curies":[{"name":"wp","href":"https:\/\/api.w.org\/{rel}","templated":true}]}}